{"id":7090,"date":"2026-03-07T18:57:40","date_gmt":"2026-03-07T18:57:40","guid":{"rendered":"https:\/\/www.newsrecorder.ro\/app\/2026\/03\/07\/trump-dezvaluie-strategia-sua-pentru-pacea-in-ucraina-mesaj-pentru-europa\/"},"modified":"2026-03-07T18:57:40","modified_gmt":"2026-03-07T18:57:40","slug":"trump-dezvaluie-strategia-sua-pentru-pacea-in-ucraina-mesaj-pentru-europa","status":"publish","type":"post","link":"https:\/\/www.newsrecorder.ro\/app\/2026\/03\/07\/trump-dezvaluie-strategia-sua-pentru-pacea-in-ucraina-mesaj-pentru-europa\/","title":{"rendered":"Trump dezv\u0103luie strategia SUA pentru pacea \u00een Ucraina: mesaj pentru Europa"},"content":{"rendered":"<p>\u201eUra dintre Putin \u0219i opozi\u021bia sa este extrem de profund\u0103, aproape cople\u0219itoare. \u00cen contextul conflictului dintre Ucraina \u0219i Rusia, ai putea crede c\u0103 ar trebui s\u0103 existe o form\u0103 de camaraderie, dar realitatea este cu totul alta.<\/p>\n<p>Sentimentele de ur\u0103 sunt at\u00e2t de puternice \u00eenc\u00e2t devine o provocare considerabil\u0103 pentru ambele p\u0103r\u021bi s\u0103 ajung\u0103 la un acord de pace. Este un drum lung \u0219i complicat.<\/p>\n<p>Ne vom da seama \u00een cur\u00e2nd ce se va \u00eent\u00e2mpla. <strong>De multe ori am fost aproape de un acord, dar fie una, fie cealalt\u0103 parte d\u0103 \u00eenapoi. \u00cen cele din urm\u0103, to\u021bi pierdem\u2026 De fapt, nu ne afecteaz\u0103 at\u00e2t de mult pe noi, deoarece \u00eentre noi se afl\u0103 un ocean. Ei (n.r. negociatorii) fac acest efort ca un favor pentru Europa \u0219i pentru via\u021b\u0103<\/strong>&#8221;.<\/p>\n<p>Recent, <strong><a style=\"color: #ff0000\" href=\"https:\/\/www.theguardian.com\/world\/2026\/mar\/06\/ukraine-war-briefing-trump-urges-zelenskyy-to-get-a-deal-done-with-russia\">negocierile tripartite \u00eentre SUA, Rusia \u0219i Ucraina<\/a><\/strong>, \u00een care au fost implica\u021bi Jared Kushner \u0219i Steve Witkoff, nu au adus progrese semnificative \u00een procesul de pace.<\/p>\n<p>O nou\u0103 rund\u0103 de \u00eent\u00e2lniri trilaterale era programat\u0103 pentru perioada 5-9 martie 2026. Totu\u0219i, pre\u0219edintele Volodimir Zelenski a anun\u021bat c\u0103 Ucraina a cerut am\u00e2narea acesteia din cauza escalad\u0103rii conflictului din Orientul Mijlociu, care a captat aten\u021bia mediatorilor din SUA.<\/p>\n<p>Cea de-a treia rund\u0103 oficial\u0103 a avut loc la Geneva, pe 17-18 februarie 2026. Discu\u021biile, care au durat peste opt ore, s-au \u00eencheiat f\u0103r\u0103 progrese semnificative \u00een ceea ce prive\u0219te \u00eencetarea focului sau ced\u0103rile teritoriale, Moscova \u0219i Kievul p\u0103str\u00e2ndu-\u0219i pozi\u021biile divergente.<\/p>\n<p>De\u0219i negocierile politice sunt blocate, cadrul trilateral a facilitat cel mai mare schimb de prizonieri de p\u00e2n\u0103 acum. Pe 5 \u0219i 6 martie 2026, Ucraina \u0219i Rusia au efectuat un schimb de c\u00e2te 500 de prizonieri (un total de 1.000 de persoane \u00een dou\u0103 zile), ca rezultat direct al acordurilor stabilite anterior la Geneva.<\/p>\n<p>Primele dou\u0103 runde de discu\u021bii sub medierea SUA (reprezentat\u0103 de emisari precum Steve Witkoff) au avut loc \u00een Abu Dhabi, \u00een ianuarie \u0219i \u00eenceputul lunii februarie 2026. Acolo s-a discutat un plan de pace structurat \u00een 20 de puncte, care includea aspecte teritoriale \u0219i economice.<\/p>\n<p>\u00cen martie 2026, cancelarul german Friedrich Merz l-a \u00eendemnat pe Donald Trump s\u0103 includ\u0103 \u0219i Europa \u00een aceste negocieri, avertiz\u00e2nd c\u0103 statele europene nu vor accepta un acord impus care s\u0103 nu respecte securitatea continentului.<\/p>\n","protected":false},"excerpt":{"rendered":"<p>\u201eUra dintre Putin \u0219i opozi\u021bia sa este extrem de profund\u0103, aproape cople\u0219itoare. \u00cen contextul conflictului dintre Ucraina \u0219i Rusia, ai putea crede c\u0103 ar trebui s\u0103 existe o form\u0103 de camaraderie, dar realitatea este cu totul alta. Sentimentele de ur\u0103 sunt at\u00e2t de puternice \u00eenc\u00e2t devine o provocare considerabil\u0103 pentru ambele p\u0103r\u021bi s\u0103 ajung\u0103 la [&hellip;]<\/p>\n","protected":false},"author":2,"featured_media":7091,"comment_status":"open","ping_status":"open","sticky":false,"template":"","format":"standard","meta":{"jnews-multi-image_gallery":[],"jnews_single_post":[],"jnews_primary_category":[],"jnews_override_counter":[],"footnotes":""},"categories":[41],"tags":[903,684,8074,2600,1887,681,682,7352],"class_list":["post-7090","post","type-post","status-publish","format-standard","has-post-thumbnail","hentry","category-externe","tag-acord-de-pace","tag-conflict","tag-negociatori","tag-opozitie","tag-putin","tag-rusia","tag-ucraina","tag-ura"],"_links":{"self":[{"href":"https:\/\/www.newsrecorder.ro\/app\/wp-json\/wp\/v2\/posts\/7090","targetHints":{"allow":["GET"]}}],"collection":[{"href":"https:\/\/www.newsrecorder.ro\/app\/wp-json\/wp\/v2\/posts"}],"about":[{"href":"https:\/\/www.newsrecorder.ro\/app\/wp-json\/wp\/v2\/types\/post"}],"author":[{"embeddable":true,"href":"https:\/\/www.newsrecorder.ro\/app\/wp-json\/wp\/v2\/users\/2"}],"replies":[{"embeddable":true,"href":"https:\/\/www.newsrecorder.ro\/app\/wp-json\/wp\/v2\/comments?post=7090"}],"version-history":[{"count":0,"href":"https:\/\/www.newsrecorder.ro\/app\/wp-json\/wp\/v2\/posts\/7090\/revisions"}],"wp:featuredmedia":[{"embeddable":true,"href":"https:\/\/www.newsrecorder.ro\/app\/wp-json\/wp\/v2\/media\/7091"}],"wp:attachment":[{"href":"https:\/\/www.newsrecorder.ro\/app\/wp-json\/wp\/v2\/media?parent=7090"}],"wp:term":[{"taxonomy":"category","embeddable":true,"href":"https:\/\/www.newsrecorder.ro\/app\/wp-json\/wp\/v2\/categories?post=7090"},{"taxonomy":"post_tag","embeddable":true,"href":"https:\/\/www.newsrecorder.ro\/app\/wp-json\/wp\/v2\/tags?post=7090"}],"curies":[{"name":"wp","href":"https:\/\/api.w.org\/{rel}","templated":true}]}}