{"id":7094,"date":"2026-03-07T18:58:11","date_gmt":"2026-03-07T18:58:11","guid":{"rendered":"https:\/\/www.newsrecorder.ro\/app\/2026\/03\/07\/primarul-londrei-ii-trage-un-semnal-de-alarma-lui-trump-privind-iranul\/"},"modified":"2026-03-07T18:58:11","modified_gmt":"2026-03-07T18:58:11","slug":"primarul-londrei-ii-trage-un-semnal-de-alarma-lui-trump-privind-iranul","status":"publish","type":"post","link":"https:\/\/www.newsrecorder.ro\/app\/2026\/03\/07\/primarul-londrei-ii-trage-un-semnal-de-alarma-lui-trump-privind-iranul\/","title":{"rendered":"Primarul Londrei \u00eei trage un semnal de alarm\u0103 lui Trump privind Iranul!"},"content":{"rendered":"<p>Primarul Londrei, Sadiq Khan, a lansat critici vehemente la adresa pre\u0219edintelui american Donald Trump, \u00een contextul atacurilor aeriene desf\u0103\u0219urate asupra Iranului, conform unui articol publicat de <a style=\"color: #0000ff\" href=\"https:\/\/www.standard.co.uk\/news\/world\/sadiq-khan-warns-trump-iran-strikes-fuel-chaos-middle-east-b1273892.html\">The Standard<\/a>.<\/p>\n<p>Khan a subliniat c\u0103 aceste ac\u021biuni militare ar putea genera o instabilitate profund\u0103 \u00een Orientul Mijlociu, denun\u021b\u00e2nd \u201ehaosul \u0219i carnagiul generate de r\u0103zboaiele ilegale\u201d. Edilul a subliniat c\u0103 interven\u021bia militar\u0103 a Statelor Unite este o ac\u021biune f\u0103r\u0103 o strategie clar\u0103 \u0219i f\u0103r\u0103 un plan de reconstruc\u021bie post-conflict, acuz\u00e2nd administra\u021bia american\u0103 de declan\u0219area unui conflict care produce deja victime \u0219i suferin\u021b\u0103.<\/p>\n<p>\u00cen viziunea sa, decizia lui Trump este un \u201er\u0103zboi nechibzuit\u201d, care duce la \u201ev\u0103rsare de s\u00e2nge f\u0103r\u0103 sens\u201d, demar\u00e2nd f\u0103r\u0103 o g\u00e2ndire sau o strategie serioas\u0103 privind viitorul regiunii. Khan a eviden\u021biat \u0219i posibilele <strong>efecte economice<\/strong> pe care un conflict prelungit le-ar putea avea asupra britanicilor, pun\u00e2nd accent pe riscurile asociate cu cre\u0219terea ratelor ipotecare, a facturilor la energie \u0219i a pre\u021burilor combustibililor, ceea ce ar putea agrava dificult\u0103\u021bile financiare ale cet\u0103\u021benilor.<\/p>\n<p>Primarul a aprobat decizia premierului britanic, Keir Starmer, de a nu permite folosirea bazelor britanice pentru atacuri ofensive asupra Iranului, subliniind c\u0103 aeronavele americane pot utiliza facilit\u0103\u021bile militare britanice doar pentru opera\u021biuni defensive.<\/p>\n<p>Astfel, avioanele Statelor Unite au permisiunea de a opera de la baza RAF Fairford \u0219i de la baza militar\u0103 Diego Garcia doar \u00een misiuni destinate neutraliz\u0103rii amenin\u021b\u0103rilor directe, cum ar fi lansatoarele de rachete care ar putea pune \u00een pericol cet\u0103\u021benii britanici sau alia\u021bii din regiunea Golfului.<\/p>\n<p>\u00centr-un mesaj postat pe platforma X, Khan a declarat: \u201eacesta este un r\u0103zboi al alegerii\u201d, subliniind c\u0103 nu doar c\u0103 provoac\u0103 suferin\u021be inutile \u00een afaceri externe, dar ar putea genera un \u0219oc economic sever pe plan intern, amplific\u00e2nd criza costului vie\u021bii pentru londonezi. El a ad\u0103ugat c\u0103 gospod\u0103riile britanice nu \u00ee\u0219i pot permite cre\u0219terea facturilor la energie, a pre\u021burilor alimentelor \u0219i a ratelor creditelor ipotecare care ar putea rezulta din acest conflict iresponsabil.<\/p>\n<p>De\u0219i Khan a criticat conducerea de la Teheran, el a men\u021bionat c\u0103 opera\u021biunea militar\u0103 a fost ini\u021biat\u0103 f\u0103r\u0103 sprijinul comunit\u0103\u021bii interna\u021bionale. \u201eAcest r\u0103zboi \u00eempotriva Iranului este purtat unilateral, f\u0103r\u0103 consens interna\u021bional sau aprobat de ONU, f\u0103r\u0103 o g\u00e2ndire serioas\u0103 cu privire la ce urmeaz\u0103. Experien\u021ba ne arat\u0103 c\u0103 este mult mai u\u0219or s\u0103 \u00eencepi un r\u0103zboi dec\u00e2t s\u0103-l \u00eenchei. \u0218ocul \u0219i uimirea sunt mult mai simple dec\u00e2t sarcina dificil\u0103 de a reconstrui na\u021biuni distruse. De aceea, Marea Britanie ar trebui s\u0103 se ab\u021bin\u0103 de la implicarea \u00een acest conflict, av\u00e2nd \u00een vedere c\u0103 cel mai bine este s\u0103 promov\u0103m pacea \u0219i stabilitatea \u00een Orientul Mijlociu, nu haosul generat de r\u0103zboaie ilegale,\u201d a conchis el.<\/p>\n<p>Disputa dintre Khan \u0219i Trump are o istorie \u00eendelungat\u0103, divergen\u021bele lor av\u00e2ndu-\u0219i originea \u00een primul mandat al pre\u0219edintelui american. \u00cen timpul vizitei de stat a lui Trump \u00een Regatul Unit din 2019, liderul american l-a numit pe Khan \u201eratat r\u0103zbun\u0103tor\u201d \u0219i a criticat modul \u00een care administra\u021bia local\u0103 gestioneaz\u0103 problema criminalit\u0103\u021bii. Khan a reac\u021bionat, acuz\u00e2ndu-l pe Trump c\u0103 promoveaz\u0103 \u201epolitici ale diviziunii\u201d.<\/p>\n<p>Conflictul dintre cei doi a continuat de-a lungul anilor, \u00een special pe subiecte precum imigra\u021bia, securitatea \u0219i ascensiunea curentelor populiste. Cele mai recente declara\u021bii vin dup\u0103 ce Trump l-a criticat din nou pe premierul britanic Keir Starmer pentru refuzul Londrei de a sprijini pe deplin atacurile americane asupra Iranului.<\/p>\n","protected":false},"excerpt":{"rendered":"<p>Primarul Londrei, Sadiq Khan, a lansat critici vehemente la adresa pre\u0219edintelui american Donald Trump, \u00een contextul atacurilor aeriene desf\u0103\u0219urate asupra Iranului, conform unui articol publicat de The Standard. Khan a subliniat c\u0103 aceste ac\u021biuni militare ar putea genera o instabilitate profund\u0103 \u00een Orientul Mijlociu, denun\u021b\u00e2nd \u201ehaosul \u0219i carnagiul generate de r\u0103zboaiele ilegale\u201d. Edilul a subliniat [&hellip;]<\/p>\n","protected":false},"author":2,"featured_media":7095,"comment_status":"open","ping_status":"open","sticky":false,"template":"","format":"standard","meta":{"jnews-multi-image_gallery":[],"jnews_single_post":[],"jnews_primary_category":[],"jnews_override_counter":[],"footnotes":""},"categories":[41],"tags":[3608,2994,31,5893,913,2211,915,10010],"class_list":["post-7094","post","type-post","status-publish","format-standard","has-post-thumbnail","hentry","category-externe","tag-atacuri-aeriene","tag-conflicte","tag-jnews_demo_donald-trump","tag-instabilitate","tag-iran","tag-orientul-mijlociu","tag-razboi","tag-sadiq-khan"],"_links":{"self":[{"href":"https:\/\/www.newsrecorder.ro\/app\/wp-json\/wp\/v2\/posts\/7094","targetHints":{"allow":["GET"]}}],"collection":[{"href":"https:\/\/www.newsrecorder.ro\/app\/wp-json\/wp\/v2\/posts"}],"about":[{"href":"https:\/\/www.newsrecorder.ro\/app\/wp-json\/wp\/v2\/types\/post"}],"author":[{"embeddable":true,"href":"https:\/\/www.newsrecorder.ro\/app\/wp-json\/wp\/v2\/users\/2"}],"replies":[{"embeddable":true,"href":"https:\/\/www.newsrecorder.ro\/app\/wp-json\/wp\/v2\/comments?post=7094"}],"version-history":[{"count":0,"href":"https:\/\/www.newsrecorder.ro\/app\/wp-json\/wp\/v2\/posts\/7094\/revisions"}],"wp:featuredmedia":[{"embeddable":true,"href":"https:\/\/www.newsrecorder.ro\/app\/wp-json\/wp\/v2\/media\/7095"}],"wp:attachment":[{"href":"https:\/\/www.newsrecorder.ro\/app\/wp-json\/wp\/v2\/media?parent=7094"}],"wp:term":[{"taxonomy":"category","embeddable":true,"href":"https:\/\/www.newsrecorder.ro\/app\/wp-json\/wp\/v2\/categories?post=7094"},{"taxonomy":"post_tag","embeddable":true,"href":"https:\/\/www.newsrecorder.ro\/app\/wp-json\/wp\/v2\/tags?post=7094"}],"curies":[{"name":"wp","href":"https:\/\/api.w.org\/{rel}","templated":true}]}}