{"id":7106,"date":"2026-03-07T20:31:47","date_gmt":"2026-03-07T20:31:47","guid":{"rendered":"https:\/\/www.newsrecorder.ro\/app\/2026\/03\/07\/francesca-alupei-si-beata-vaida-avanseaza-in-sferturile-de-finala-la-bhubaneswar-2\/"},"modified":"2026-03-07T20:31:47","modified_gmt":"2026-03-07T20:31:47","slug":"francesca-alupei-si-beata-vaida-avanseaza-in-sferturile-de-finala-la-bhubaneswar-2","status":"publish","type":"post","link":"https:\/\/www.newsrecorder.ro\/app\/2026\/03\/07\/francesca-alupei-si-beata-vaida-avanseaza-in-sferturile-de-finala-la-bhubaneswar-2\/","title":{"rendered":"Francesca Alupei \u0219i Beata Vaida avanseaz\u0103 \u00een sferturile de final\u0103 la Bhubaneswar!"},"content":{"rendered":"<p>\u00centr-o zi de vineri memorabil\u0103, favoritele num\u0103rul 7 ale competi\u021biei din circuitul mondial de volei pe nisip, Alupei \u0219i Vaida, au ob\u021binut o victorie impresionant\u0103 \u00een optimile de final\u0103, \u00eenving\u00e2nd echipa german\u0103 format\u0103 din Chenoa Christ \u0219i Sophia Neus cu un scor de 2-0 (21-18, 22-20).<\/p>\n<p>\u201eTricolorele\u201d au reu\u0219it s\u0103 ajung\u0103 pe tabloul principal datorit\u0103 performan\u021bei remarcabile \u00een grupa G, acolo unde au demonstrat abilit\u0103\u021bi deosebite pe nisip.<\/p>\n<p>Potrivit Federa\u021biei Rom\u00e2ne de Volei, acest rezultat marcheaz\u0103 o realizare istoric\u0103 pentru voleiul pe nisip din Rom\u00e2nia, fiind prima dat\u0103 c\u00e2nd o echip\u0103 rom\u00e2neasc\u0103 reu\u0219e\u0219te s\u0103 ajung\u0103 \u00een sferturile de final\u0103 ale unui <a href=\"https:\/\/en.volleyballworld.com\/beachvolleyball\/competitions\/beach-pro-tour\/2026\/challenge\/bhubaneswar-ind\/?\" target=\"_blank\" rel=\"noopener\">turneu<\/a> de o asemenea amploare.<\/p>\n<p>\u00cen sferturile de final\u0103, sportivele antrenate de Adrian Pricop se vor confrunta cu perechea japonez\u0103 format\u0103 din Asami Shiba \u0219i Reika Murakami, meciul fiind programat s\u00e2mb\u0103t\u0103, de la ora 7:30.<\/p>\n<p>Alupei \u0219i Vaida \u0219i-au asigurat deja 600 de puncte \u00een clasamentul mondial, precum \u0219i un premiu \u00een valoare de 5.000 de dolari, consolid\u00e2ndu-\u0219i astfel pozi\u021bia \u00een acest sport.<\/p>\n","protected":false},"excerpt":{"rendered":"<p>\u00centr-o zi de vineri memorabil\u0103, favoritele num\u0103rul 7 ale competi\u021biei din circuitul mondial de volei pe nisip, Alupei \u0219i Vaida, au ob\u021binut o victorie impresionant\u0103 \u00een optimile de final\u0103, \u00eenving\u00e2nd echipa german\u0103 format\u0103 din Chenoa Christ \u0219i Sophia Neus cu un scor de 2-0 (21-18, 22-20). \u201eTricolorele\u201d au reu\u0219it s\u0103 ajung\u0103 pe tabloul principal datorit\u0103 [&hellip;]<\/p>\n","protected":false},"author":6,"featured_media":7107,"comment_status":"open","ping_status":"open","sticky":false,"template":"","format":"standard","meta":{"jnews-multi-image_gallery":[],"jnews_single_post":[],"jnews_primary_category":[],"jnews_override_counter":[],"footnotes":""},"categories":[46],"tags":[9810,56,10023,9812,972,963,9811,9809],"class_list":["post-7106","post","type-post","status-publish","format-standard","has-post-thumbnail","hentry","category-sport","tag-alupei","tag-competitie","tag-echipa-romaneasca","tag-federatia-romana-de-volei","tag-performanta","tag-sferturi-de-finala","tag-vaida","tag-volei-pe-nisip"],"_links":{"self":[{"href":"https:\/\/www.newsrecorder.ro\/app\/wp-json\/wp\/v2\/posts\/7106","targetHints":{"allow":["GET"]}}],"collection":[{"href":"https:\/\/www.newsrecorder.ro\/app\/wp-json\/wp\/v2\/posts"}],"about":[{"href":"https:\/\/www.newsrecorder.ro\/app\/wp-json\/wp\/v2\/types\/post"}],"author":[{"embeddable":true,"href":"https:\/\/www.newsrecorder.ro\/app\/wp-json\/wp\/v2\/users\/6"}],"replies":[{"embeddable":true,"href":"https:\/\/www.newsrecorder.ro\/app\/wp-json\/wp\/v2\/comments?post=7106"}],"version-history":[{"count":0,"href":"https:\/\/www.newsrecorder.ro\/app\/wp-json\/wp\/v2\/posts\/7106\/revisions"}],"wp:featuredmedia":[{"embeddable":true,"href":"https:\/\/www.newsrecorder.ro\/app\/wp-json\/wp\/v2\/media\/7107"}],"wp:attachment":[{"href":"https:\/\/www.newsrecorder.ro\/app\/wp-json\/wp\/v2\/media?parent=7106"}],"wp:term":[{"taxonomy":"category","embeddable":true,"href":"https:\/\/www.newsrecorder.ro\/app\/wp-json\/wp\/v2\/categories?post=7106"},{"taxonomy":"post_tag","embeddable":true,"href":"https:\/\/www.newsrecorder.ro\/app\/wp-json\/wp\/v2\/tags?post=7106"}],"curies":[{"name":"wp","href":"https:\/\/api.w.org\/{rel}","templated":true}]}}