{"id":7112,"date":"2026-03-07T20:32:47","date_gmt":"2026-03-07T20:32:47","guid":{"rendered":"https:\/\/www.newsrecorder.ro\/app\/2026\/03\/07\/laura-pirovano-marcheaza-istorie-cu-prima-victorie-in-cupa-mondiala\/"},"modified":"2026-03-07T20:32:47","modified_gmt":"2026-03-07T20:32:47","slug":"laura-pirovano-marcheaza-istorie-cu-prima-victorie-in-cupa-mondiala","status":"publish","type":"post","link":"https:\/\/www.newsrecorder.ro\/app\/2026\/03\/07\/laura-pirovano-marcheaza-istorie-cu-prima-victorie-in-cupa-mondiala\/","title":{"rendered":"Laura Pirovano marcheaz\u0103 istorie cu prima victorie \u00een Cupa Mondial\u0103!"},"content":{"rendered":"<p>Laura Pirovano, o t\u00e2n\u0103r\u0103 schioare italian\u0103 \u00een v\u00e2rst\u0103 de 28 de ani, a str\u0103lucit pe p\u00e2rtia de schi, stabilind un timp impresionant de 1:21.40 minute, care \u00eei asigur\u0103 primul loc.<\/p>\n<p>\u00centre timp, germanca Emma Aicher, care a c\u00e2\u0219tigat medalia de argint la cobor\u00e2rea olimpic\u0103 de la Milano Cortina 2026, a terminat competi\u021bia la o distan\u021b\u0103 de doar 0,01 secunde de Pirovano, ocup\u00e2nd locul doi.<\/p>\n<p>Breezy Johnson, campioan\u0103 olimpic\u0103, a avut un \u00eenceput promi\u021b\u0103tor, fiind cea mai rapid\u0103 pe prima parte a traseului. Totu\u0219i, un ritm mai precaut pe final i-a adus doar locul trei, cu un timp de +0,29 secunde fa\u021b\u0103 de lider.<\/p>\n<p>Corinne Suter, care s-a impus \u00een etapa de s\u0103pt\u0103m\u00e2na trecut\u0103 de la Soldeu, a terminat pe locul opt, \u00een timp ce Sofia Goggia, tripl\u0103 medaliat\u0103 olimpic\u0103 la Milano Cortina 2026, a avut o zi mai pu\u021bin favorabil\u0103, clas\u00e2ndu-se pe locul 17.<\/p>\n<p>\u00cen ceea ce prive\u0219te clasamentul disciplinei, Lindsey Vonn, aflat\u0103 \u00een proces de recuperare dup\u0103 o accidentare suferit\u0103 la Jocurile Olimpice, continu\u0103 s\u0103 conduc\u0103, de\u0219i Emma Aicher s-a apropiat considerabil, av\u00e2nd acum un deficit de doar 14 puncte. Pirovano se afl\u0103 pe locul trei, la 64 de puncte \u00een spatele liderului.<\/p>\n<p>La nivel general, Aicher ocup\u0103 locul doi \u00een clasament, fiind la 139 de puncte \u00een urma liderului Mikaela Shiffrin.<\/p>\n<p>Urm\u0103toarea etap\u0103 din Cupa Mondial\u0103 feminin\u0103 se va desf\u0103\u0219ura s\u00e2mb\u0103t\u0103, pe traseul La Volata, unde va avea loc proba de Super-G.<\/p>\n","protected":false},"excerpt":{"rendered":"<p>Laura Pirovano, o t\u00e2n\u0103r\u0103 schioare italian\u0103 \u00een v\u00e2rst\u0103 de 28 de ani, a str\u0103lucit pe p\u00e2rtia de schi, stabilind un timp impresionant de 1:21.40 minute, care \u00eei asigur\u0103 primul loc. \u00centre timp, germanca Emma Aicher, care a c\u00e2\u0219tigat medalia de argint la cobor\u00e2rea olimpic\u0103 de la Milano Cortina 2026, a terminat competi\u021bia la o distan\u021b\u0103 [&hellip;]<\/p>\n","protected":false},"author":6,"featured_media":7113,"comment_status":"open","ping_status":"open","sticky":false,"template":"","format":"standard","meta":{"jnews-multi-image_gallery":[],"jnews_single_post":[],"jnews_primary_category":[],"jnews_override_counter":[],"footnotes":""},"categories":[46],"tags":[9824,56,8637,8634,9823,834,3013,8635],"class_list":["post-7112","post","type-post","status-publish","format-standard","has-post-thumbnail","hentry","category-sport","tag-breezy-johnson","tag-competitie","tag-corinne-suter","tag-emma-aicher","tag-laura-pirovano","tag-milano-cortina-2026","tag-schi","tag-sofia-goggia"],"_links":{"self":[{"href":"https:\/\/www.newsrecorder.ro\/app\/wp-json\/wp\/v2\/posts\/7112","targetHints":{"allow":["GET"]}}],"collection":[{"href":"https:\/\/www.newsrecorder.ro\/app\/wp-json\/wp\/v2\/posts"}],"about":[{"href":"https:\/\/www.newsrecorder.ro\/app\/wp-json\/wp\/v2\/types\/post"}],"author":[{"embeddable":true,"href":"https:\/\/www.newsrecorder.ro\/app\/wp-json\/wp\/v2\/users\/6"}],"replies":[{"embeddable":true,"href":"https:\/\/www.newsrecorder.ro\/app\/wp-json\/wp\/v2\/comments?post=7112"}],"version-history":[{"count":0,"href":"https:\/\/www.newsrecorder.ro\/app\/wp-json\/wp\/v2\/posts\/7112\/revisions"}],"wp:featuredmedia":[{"embeddable":true,"href":"https:\/\/www.newsrecorder.ro\/app\/wp-json\/wp\/v2\/media\/7113"}],"wp:attachment":[{"href":"https:\/\/www.newsrecorder.ro\/app\/wp-json\/wp\/v2\/media?parent=7112"}],"wp:term":[{"taxonomy":"category","embeddable":true,"href":"https:\/\/www.newsrecorder.ro\/app\/wp-json\/wp\/v2\/categories?post=7112"},{"taxonomy":"post_tag","embeddable":true,"href":"https:\/\/www.newsrecorder.ro\/app\/wp-json\/wp\/v2\/tags?post=7112"}],"curies":[{"name":"wp","href":"https:\/\/api.w.org\/{rel}","templated":true}]}}