{"id":7128,"date":"2026-03-07T20:34:39","date_gmt":"2026-03-07T20:34:39","guid":{"rendered":"https:\/\/www.newsrecorder.ro\/app\/2026\/03\/07\/fara-precedent-pamantul-se-indreapta-spre-un-punct-critic\/"},"modified":"2026-03-07T20:34:39","modified_gmt":"2026-03-07T20:34:39","slug":"fara-precedent-pamantul-se-indreapta-spre-un-punct-critic","status":"publish","type":"post","link":"https:\/\/www.newsrecorder.ro\/app\/2026\/03\/07\/fara-precedent-pamantul-se-indreapta-spre-un-punct-critic\/","title":{"rendered":"F\u0103r\u0103 precedent: P\u0103m\u00e2ntul se \u00eendreapt\u0103 spre un punct critic!"},"content":{"rendered":"<p class=\"font-claude-response-body break-words whitespace-normal leading-[1.7]\">Cercet\u0103torii de la Universitatea de Stat din Oregon au ajuns la concluzia alarmant\u0103 c\u0103 temperatura global\u0103 a dep\u0103\u0219it cu 1,5 grade Celsius limita stabilit\u0103 prin Acordul de la Paris, \u0219i acest lucru s-a men\u021binut timp de 12 luni consecutive. \u00cen acest context, nivelurile de dioxid de carbon din atmosfer\u0103 au atins un maxim de 50% mai mult dec\u00e2t \u00een perioada preindustrial\u0103, conform informa\u021biilor furnizate de <a href=\"https:\/\/www.thecooldown.com\/\" target=\"_blank\" rel=\"noopener\">thecooldown.com<\/a>.<\/p>\n<p class=\"font-claude-response-body break-words whitespace-normal leading-[1.7]\">Studiul a investigat 16 indicatori de schimb\u0103ri climatice, incluz\u00e2nd calotele glaciare din Antarctica \u0219i p\u0103durile amazoniene. O destabilizare a acestor elemente ar putea provoca efecte \u00een lan\u021b, amplific\u00e2nd impactul \u00eenc\u0103lzirii globale. De exemplu, topirea ghe\u021bii reduce capacitatea de r\u0103cire a planetei, iar dispari\u021bia p\u0103durilor agraveaz\u0103 \u0219i mai mult situa\u021bia climatic\u0103.<\/p>\n<p class=\"font-claude-response-body break-words whitespace-normal leading-[1.7]\">\u201eDup\u0103 un milion de ani de oscila\u021bii climatice, <a href=\"https:\/\/www.mediafax.ro\/life-entertaiment\/schimbarile-climatice-ar-putea-influenta-sexul-copilului-tau-23693546\">clima<\/a> P\u0103m\u00e2ntului s-a stabilizat acum 11.000 de ani, permi\u021b\u00e2nd dezvoltarea agriculturii \u0219i a civiliza\u021biilor\u201d, a declarat profesorul William Ripple de la Universitatea de Stat din Oregon. Acesta a subliniat c\u0103 ne \u00eendep\u0103rt\u0103m rapid de aceast\u0103 stabilitate, ceea ce ar putea avea consecin\u021be devastatoare.<\/p>\n<p class=\"font-claude-response-body break-words whitespace-normal leading-[1.7]\">C\u0103ldura persistent\u0103 se aliniaz\u0103 cu incendii \u0219i inunda\u021bii mortale care afecteaz\u0103 comunit\u0103\u021bi \u00eentregi. Fenomenele meteorologice extreme devin din ce \u00een ce mai frecvente pe m\u0103sur\u0103 ce temperatura continu\u0103 s\u0103 creasc\u0103. <a href=\"https:\/\/www.mediafax.ro\/stiinta-sanatate\/plastic-peste-tot-boli-peste-tot-avertismentul-cercetatorilor-pentru-urmatorii-15-ani-23681181\">Familiile \u0219i comunit\u0103\u021bile<\/a> se confrunt\u0103 cu costuri tot mai mari, iar f\u0103r\u0103 interven\u021bii rapide, oamenii risc\u0103 s\u0103-\u0219i piard\u0103 at\u00e2t locuin\u021bele, c\u00e2t \u0219i s\u0103n\u0103tatea.<\/p>\n<p class=\"font-claude-response-body break-words whitespace-normal leading-[1.7]\">\u00cen acest context, oamenii de \u0219tiin\u021b\u0103 fac apel la deciden\u021bi s\u0103 ac\u021bioneze imediat, \u00eenainte ca planeta s\u0103 ating\u0103 un punct critic. M\u0103surile preventive sunt mai eficiente dec\u00e2t \u00eencerc\u0103rile de remediere a efectelor deja cauzate. Tranzi\u021bia c\u0103tre surse de energie regenerabil\u0103 r\u0103m\u00e2ne una dintre solu\u021biile esen\u021biale propuse.<\/p>\n<p class=\"font-claude-response-body break-words whitespace-normal leading-[1.7]\">Studiul, publicat \u00een revista One Earth, reprezint\u0103 unul dintre cele mai clare semnale de alarm\u0103 \u0219tiin\u021bifice din ultimii ani. Dac\u0103 tendin\u021bele actuale continu\u0103, schimb\u0103rile climatice ar putea intra \u00eentr-o faz\u0103 f\u0103r\u0103 precedent \u00een istoria omenirii.<\/p>\n","protected":false},"excerpt":{"rendered":"<p>Cercet\u0103torii de la Universitatea de Stat din Oregon au ajuns la concluzia alarmant\u0103 c\u0103 temperatura global\u0103 a dep\u0103\u0219it cu 1,5 grade Celsius limita stabilit\u0103 prin Acordul de la Paris, \u0219i acest lucru s-a men\u021binut timp de 12 luni consecutive. \u00cen acest context, nivelurile de dioxid de carbon din atmosfer\u0103 au atins un maxim de 50% [&hellip;]<\/p>\n","protected":false},"author":5,"featured_media":7129,"comment_status":"open","ping_status":"open","sticky":false,"template":"","format":"standard","meta":{"jnews-multi-image_gallery":[],"jnews_single_post":[],"jnews_primary_category":[],"jnews_override_counter":[],"footnotes":""},"categories":[45],"tags":[8648,8649,8647,10033,8646,9003,1641,10032],"class_list":["post-7128","post","type-post","status-publish","format-standard","has-post-thumbnail","hentry","category-meteo","tag-acordul-de-la-paris","tag-calotele-glaciare","tag-dioxid-de-carbon","tag-impact-climatic","tag-incalzire-globala","tag-paduri-amazoniene","tag-schimbari-climatice","tag-temperatura-globala"],"_links":{"self":[{"href":"https:\/\/www.newsrecorder.ro\/app\/wp-json\/wp\/v2\/posts\/7128","targetHints":{"allow":["GET"]}}],"collection":[{"href":"https:\/\/www.newsrecorder.ro\/app\/wp-json\/wp\/v2\/posts"}],"about":[{"href":"https:\/\/www.newsrecorder.ro\/app\/wp-json\/wp\/v2\/types\/post"}],"author":[{"embeddable":true,"href":"https:\/\/www.newsrecorder.ro\/app\/wp-json\/wp\/v2\/users\/5"}],"replies":[{"embeddable":true,"href":"https:\/\/www.newsrecorder.ro\/app\/wp-json\/wp\/v2\/comments?post=7128"}],"version-history":[{"count":0,"href":"https:\/\/www.newsrecorder.ro\/app\/wp-json\/wp\/v2\/posts\/7128\/revisions"}],"wp:featuredmedia":[{"embeddable":true,"href":"https:\/\/www.newsrecorder.ro\/app\/wp-json\/wp\/v2\/media\/7129"}],"wp:attachment":[{"href":"https:\/\/www.newsrecorder.ro\/app\/wp-json\/wp\/v2\/media?parent=7128"}],"wp:term":[{"taxonomy":"category","embeddable":true,"href":"https:\/\/www.newsrecorder.ro\/app\/wp-json\/wp\/v2\/categories?post=7128"},{"taxonomy":"post_tag","embeddable":true,"href":"https:\/\/www.newsrecorder.ro\/app\/wp-json\/wp\/v2\/tags?post=7128"}],"curies":[{"name":"wp","href":"https:\/\/api.w.org\/{rel}","templated":true}]}}