{"id":7170,"date":"2026-03-07T21:12:03","date_gmt":"2026-03-07T21:12:03","guid":{"rendered":"https:\/\/www.newsrecorder.ro\/app\/2026\/03\/07\/doliu-in-muzica-a-decedat-compozitorul-zsolt-kerestely-la-91-de-ani\/"},"modified":"2026-03-07T21:12:03","modified_gmt":"2026-03-07T21:12:03","slug":"doliu-in-muzica-a-decedat-compozitorul-zsolt-kerestely-la-91-de-ani","status":"publish","type":"post","link":"https:\/\/www.newsrecorder.ro\/app\/2026\/03\/07\/doliu-in-muzica-a-decedat-compozitorul-zsolt-kerestely-la-91-de-ani\/","title":{"rendered":"Doliu \u00een muzic\u0103: A decedat compozitorul Zsolt Kerest\u00e9ly la 91 de ani"},"content":{"rendered":"<p>De-a lungul carierei sale, <a href=\"https:\/\/www.youtube.com\/watch?v=b3g1b8FncNY&amp;t=4s\" target=\"_blank\" rel=\"noopener\">Kerest\u00e9ly<\/a> a compus peste 700 de piese, multe dintre ele transform\u00e2ndu-se \u00een hituri memorabile ale muzicii rom\u00e2ne\u0219ti.<\/p>\n<p>C\u00e2nt\u0103re\u021bul Paul Surugiu a \u00eemp\u0103rt\u0103\u0219it un mesaj emo\u021bionant pe re\u021belele sociale, eviden\u021biind impactul pe care l-a avut Kerest\u00e9ly asupra sa. \u201eMaestrul Kerest\u00e9ly a fost ca un mentor pentru mine, oferindu-mi sfaturi, calm \u0219i bucurie. Am avut onoarea s\u0103 colaborez cu el la peste 20 de c\u00e2ntece \u0219i mai multe albume. C\u00e2ntecul s\u0103u emblematic, \u2018Copacul\u2019, continu\u0103 s\u0103 emo\u021bioneze genera\u021bii \u00eentregi. A fost un om cald \u0219i bl\u00e2nd, care va r\u0103m\u00e2ne mereu \u00een inimile noastre\u201d, a scris el.<\/p>\n<p>Printre melodiile celebre ale acestui talentat compozitor se num\u0103r\u0103 \u201eCopacul\u201d, interpretat\u0103 de Aurelian Andreescu, \u201eT\u0103cutele iubiri\u201d, c\u00e2ntat\u0103 de Eva Kiss, \u0219i \u201eLumea de dragoste\u201d, popularizat\u0103 de Angela Similea.<\/p>\n<p>N\u0103scut pe 12 mai 1934 \u00eentr-o familie de preo\u021bi reforma\u021bi din \u0218iclod, jude\u021bul Harghita, Kerest\u00e9ly a \u00eenceput s\u0103 studieze muzica \u00eenc\u0103 din copil\u0103rie, concentr\u00e2ndu-se pe instrumente precum orga \u0219i pianul. Dup\u0103 \u00eendeplinirea serviciului militar, s-a mutat la Cluj, unde a urmat cursurile Conservatorului.<\/p>\n<p>Piesa \u201eCopacul\u201d, lansat\u0103 \u00een 1975, a reprezentat un adev\u0103rat apogeu al carierei sale, devenind un hit nu doar \u00een Rom\u00e2nia, ci \u0219i pe plan interna\u021bional. \u00cen anii recen\u021bi, compozitorul a dedicat mai mult timp lucr\u0103rilor instrumentale pentru pian, continu\u00e2nd s\u0103 creeze muzic\u0103 cu aceea\u0219i pasiune \u0219i devotament.<\/p>\n","protected":false},"excerpt":{"rendered":"<p>De-a lungul carierei sale, Kerest\u00e9ly a compus peste 700 de piese, multe dintre ele transform\u00e2ndu-se \u00een hituri memorabile ale muzicii rom\u00e2ne\u0219ti. C\u00e2nt\u0103re\u021bul Paul Surugiu a \u00eemp\u0103rt\u0103\u0219it un mesaj emo\u021bionant pe re\u021belele sociale, eviden\u021biind impactul pe care l-a avut Kerest\u00e9ly asupra sa. \u201eMaestrul Kerest\u00e9ly a fost ca un mentor pentru mine, oferindu-mi sfaturi, calm \u0219i bucurie. [&hellip;]<\/p>\n","protected":false},"author":7,"featured_media":7171,"comment_status":"open","ping_status":"open","sticky":false,"template":"","format":"standard","meta":{"jnews-multi-image_gallery":[],"jnews_single_post":[],"jnews_primary_category":[],"jnews_override_counter":[],"footnotes":""},"categories":[43],"tags":[297,3733,9252,2378,3267,9250,2025,9251],"class_list":["post-7170","post","type-post","status-publish","format-standard","has-post-thumbnail","hentry","category-cultura","tag-colaborare","tag-compozitor","tag-copacul","tag-emotie","tag-hituri","tag-kerestely","tag-muzica-romaneasca","tag-paul-surugiu"],"_links":{"self":[{"href":"https:\/\/www.newsrecorder.ro\/app\/wp-json\/wp\/v2\/posts\/7170","targetHints":{"allow":["GET"]}}],"collection":[{"href":"https:\/\/www.newsrecorder.ro\/app\/wp-json\/wp\/v2\/posts"}],"about":[{"href":"https:\/\/www.newsrecorder.ro\/app\/wp-json\/wp\/v2\/types\/post"}],"author":[{"embeddable":true,"href":"https:\/\/www.newsrecorder.ro\/app\/wp-json\/wp\/v2\/users\/7"}],"replies":[{"embeddable":true,"href":"https:\/\/www.newsrecorder.ro\/app\/wp-json\/wp\/v2\/comments?post=7170"}],"version-history":[{"count":0,"href":"https:\/\/www.newsrecorder.ro\/app\/wp-json\/wp\/v2\/posts\/7170\/revisions"}],"wp:featuredmedia":[{"embeddable":true,"href":"https:\/\/www.newsrecorder.ro\/app\/wp-json\/wp\/v2\/media\/7171"}],"wp:attachment":[{"href":"https:\/\/www.newsrecorder.ro\/app\/wp-json\/wp\/v2\/media?parent=7170"}],"wp:term":[{"taxonomy":"category","embeddable":true,"href":"https:\/\/www.newsrecorder.ro\/app\/wp-json\/wp\/v2\/categories?post=7170"},{"taxonomy":"post_tag","embeddable":true,"href":"https:\/\/www.newsrecorder.ro\/app\/wp-json\/wp\/v2\/tags?post=7170"}],"curies":[{"name":"wp","href":"https:\/\/api.w.org\/{rel}","templated":true}]}}