{"id":7172,"date":"2026-03-07T21:12:27","date_gmt":"2026-03-07T21:12:27","guid":{"rendered":"https:\/\/www.newsrecorder.ro\/app\/2026\/03\/07\/ciucu-anunta-concursuri-autentice-pentru-sefii-teatrelor\/"},"modified":"2026-03-07T21:12:27","modified_gmt":"2026-03-07T21:12:27","slug":"ciucu-anunta-concursuri-autentice-pentru-sefii-teatrelor","status":"publish","type":"post","link":"https:\/\/www.newsrecorder.ro\/app\/2026\/03\/07\/ciucu-anunta-concursuri-autentice-pentru-sefii-teatrelor\/","title":{"rendered":"Ciucu anun\u021b\u0103 concursuri autentice pentru \u0219efii teatrelor!"},"content":{"rendered":"<p style=\"text-align: left\">Primarul Capitalei a anun\u021bat pe pagina sa de <a href=\"https:\/\/www.facebook.com\/share\/p\/18RdNMpPQ7\/\" target=\"_blank\" rel=\"noopener\">Facebook<\/a> c\u0103 mesajul comunit\u0103\u021bilor culturale din Bucure\u0219ti a fost ascultat, iar concursurile pentru posturile de manageri de teatre vor fi deblocate. \u201eA\u0219a cum am promis, am \u00eenceput acest proces\u201d, a afirmat edilul mar\u021bi.<\/p>\n<p style=\"text-align: left\">Regulamentul pentru organizarea acestor concursuri a fost supus dezbaterii publice timp de dou\u0103 s\u0103pt\u0103m\u00e2ni. \u201eAst\u0103zi (3 martie n.r.) am lansat regulamentul \u00een transparen\u021b\u0103 \u0219i dezbatere. Acesta este elaborat conform legii, iar dac\u0103 vor exista sugestii de \u00eembun\u0103t\u0103\u021bire, le vom lua \u00een considerare\u201d, a declarat primarul general.<\/p>\n<p style=\"text-align: left\">\u00cen cadrul acestui proces, Ciucu a clarificat c\u0103 va fi o abordare transparent\u0103 \u0219i predictibil\u0103, \u00eencep\u00e2nd cu formarea comisiilor de concurs. <\/p>\n<p style=\"text-align: left\">\u00censcrierile pentru formarea comisiilor vor \u00eencepe \u00een dou\u0103 s\u0103pt\u0103m\u00e2ni, iar aceste \u00eenscrieri sunt destinate persoanelor care vor s\u0103 fac\u0103 parte din comisii, nu pentru cei care aspir\u0103 la func\u021biile de director. \u201e\u00cen prima etap\u0103, vom selecta comisiile de concurs conform legii. \u00cei \u00eencurajez pe cei cu experien\u021b\u0103 s\u0103 se \u00eenscrie. Concursurile pentru directori vor fi programate ulterior, dup\u0103 constituirea comisiilor\u201d, a explicat Ciucu.<\/p>\n<p style=\"text-align: left\">\u201eVreau s\u0103 subliniez c\u0103 aceste concursuri vor fi desf\u0103\u0219urate corect, de c\u0103tre speciali\u0219ti. Deciziile nu vor fi luate de mine, ci de ace\u0219ti exper\u021bi. A\u0219a este normal\u201d, a ad\u0103ugat primarul.<\/p>\n<p style=\"text-align: left\">Anun\u021bul primarului intervine \u00eentr-un context de dispute \u00een jurul interimatelor prelungite \u00een teatrele subordonate Prim\u0103riei Municipiului Bucure\u0219ti. Federa\u021bia Teatrelor Metropolitane a semnalat problema lipsei organiz\u0103rii concursurilor pentru posturile de manager, sus\u021bin\u00e2nd c\u0103 aceste interimate duc la o func\u021bionare \u201e\u00eentr-o zon\u0103 gri, f\u0103r\u0103 direc\u021bie asumat\u0103\u201d.<\/p>\n<p style=\"text-align: left\">Reprezentan\u021bii Federa\u021biei au solicitat lui Ciprian Ciucu s\u0103 clarifice politica cultural\u0103 a Bucure\u0219tiului, subliniind c\u0103 instabilitatea managerial\u0103 afecteaz\u0103 repertoriile, echipele \u0219i rela\u021bia cu publicul. Ace\u0219tia l-au invitat public pe primar s\u0103 participe la activit\u0103\u021bile teatrale, afirm\u00e2nd c\u0103 \u201eo politic\u0103 cultural\u0103 nu se construie\u0219te doar din tabele, iar cultura nu poate func\u021biona la infinit pe avarie\u201d.<\/p>\n<p style=\"text-align: left\">\u00cen prezent, multe institu\u021bii culturale \u00ee\u0219i desf\u0103\u0219oar\u0103 activitatea cu directori interimari, ceea ce accentueaz\u0103 nevoia de stabilitate managerial\u0103.<\/p>\n","protected":false},"excerpt":{"rendered":"<p>Primarul Capitalei a anun\u021bat pe pagina sa de Facebook c\u0103 mesajul comunit\u0103\u021bilor culturale din Bucure\u0219ti a fost ascultat, iar concursurile pentru posturile de manageri de teatre vor fi deblocate. \u201eA\u0219a cum am promis, am \u00eenceput acest proces\u201d, a afirmat edilul mar\u021bi. Regulamentul pentru organizarea acestor concursuri a fost supus dezbaterii publice timp de dou\u0103 s\u0103pt\u0103m\u00e2ni. [&hellip;]<\/p>\n","protected":false},"author":7,"featured_media":7173,"comment_status":"open","ping_status":"open","sticky":false,"template":"","format":"standard","meta":{"jnews-multi-image_gallery":[],"jnews_single_post":[],"jnews_primary_category":[],"jnews_override_counter":[],"footnotes":""},"categories":[43],"tags":[10057,362,10056,9293,9292,5261,10055,6443,10054,5520,1842],"class_list":["post-7172","post","type-post","status-publish","format-standard","has-post-thumbnail","hentry","category-cultura","tag-a-adaugat-edilul-primar","tag-bucuresti","tag-care-sa-reflecte-diversitatea-comunitatilor-culturale","tag-comisii","tag-comunitati-culturale","tag-concursuri","tag-ne-dorim-sa-avem-comisii-echilibrate","tag-regulament","tag-te-faza","tag-teatre","tag-transparenta"],"_links":{"self":[{"href":"https:\/\/www.newsrecorder.ro\/app\/wp-json\/wp\/v2\/posts\/7172","targetHints":{"allow":["GET"]}}],"collection":[{"href":"https:\/\/www.newsrecorder.ro\/app\/wp-json\/wp\/v2\/posts"}],"about":[{"href":"https:\/\/www.newsrecorder.ro\/app\/wp-json\/wp\/v2\/types\/post"}],"author":[{"embeddable":true,"href":"https:\/\/www.newsrecorder.ro\/app\/wp-json\/wp\/v2\/users\/7"}],"replies":[{"embeddable":true,"href":"https:\/\/www.newsrecorder.ro\/app\/wp-json\/wp\/v2\/comments?post=7172"}],"version-history":[{"count":0,"href":"https:\/\/www.newsrecorder.ro\/app\/wp-json\/wp\/v2\/posts\/7172\/revisions"}],"wp:featuredmedia":[{"embeddable":true,"href":"https:\/\/www.newsrecorder.ro\/app\/wp-json\/wp\/v2\/media\/7173"}],"wp:attachment":[{"href":"https:\/\/www.newsrecorder.ro\/app\/wp-json\/wp\/v2\/media?parent=7172"}],"wp:term":[{"taxonomy":"category","embeddable":true,"href":"https:\/\/www.newsrecorder.ro\/app\/wp-json\/wp\/v2\/categories?post=7172"},{"taxonomy":"post_tag","embeddable":true,"href":"https:\/\/www.newsrecorder.ro\/app\/wp-json\/wp\/v2\/tags?post=7172"}],"curies":[{"name":"wp","href":"https:\/\/api.w.org\/{rel}","templated":true}]}}