{"id":7174,"date":"2026-03-07T21:12:44","date_gmt":"2026-03-07T21:12:44","guid":{"rendered":"https:\/\/www.newsrecorder.ro\/app\/2026\/03\/07\/oana-toiu-1-000-de-romani-repatriati-din-orientul-mijlociu-zvonuri-respinse\/"},"modified":"2026-03-07T21:12:44","modified_gmt":"2026-03-07T21:12:44","slug":"oana-toiu-1-000-de-romani-repatriati-din-orientul-mijlociu-zvonuri-respinse","status":"publish","type":"post","link":"https:\/\/www.newsrecorder.ro\/app\/2026\/03\/07\/oana-toiu-1-000-de-romani-repatriati-din-orientul-mijlociu-zvonuri-respinse\/","title":{"rendered":"Oana \u021aoiu: 1.000 de rom\u00e2ni repatria\u021bi din Orientul Mijlociu, zvonuri respinse"},"content":{"rendered":"<p>Recent, ministrul rom\u00e2n de externe a anun\u021bat c\u0103 Rom\u00e2nia a organizat primul zbor de repatriere prin intermediul mecanismului european, care a fost gratuit pentru to\u021bi rom\u00e2nii \u0219i al\u021bi cet\u0103\u021beni europeni afla\u021bi \u00een regiunea afectat\u0103 de criza de securitate din Orientul Mijlociu. \u00cen plus, \u021bara noastr\u0103 a colaborat cu alte state europene pentru evacuarea cet\u0103\u021benilor rom\u00e2ni vulnerabili \u0219i cu probleme medicale.<\/p>\n<p>Conform declara\u021biilor \u0219efei diploma\u021biei rom\u00e2ne, acest zbor a dus num\u0103rul total al rom\u00e2nilor repatria\u021bi din Orientul Mijlociu la peste 1000 de persoane.<\/p>\n<p>Ministrul a exprimat recuno\u0219tin\u021ba sa fa\u021b\u0103 de celula de criz\u0103 a Ministerului Afacerilor Externe, misiunile diplomatice din zonele afectate de bombardamente, echipajele companiilor aeriene care au operat zboruri \u00een regiune \u0219i agen\u021biile de turism care au organizat curse charter de repatriere din fonduri private.<\/p>\n<p>\u00cen continuare, \u0219efa diploma\u021biei a subliniat c\u0103 exist\u0103 cet\u0103\u021beni rom\u00e2ni, inclusiv minori, care doresc s\u0103 se \u00eentoarc\u0103 acas\u0103 \u00een siguran\u021b\u0103. Autorit\u0103\u021bile rom\u00e2ne continu\u0103 s\u0103 depun\u0103 eforturi pentru a-i evacua, activ\u00e2nd planuri de transfer terestru \u00een \u021b\u0103rile cu spa\u021biul aerian deschis, urmate de repatrieri asistate.<\/p>\n<p>Ministrul a anun\u021bat c\u0103 un nou zbor de evacuare este \u00een preg\u0103tire, destinat \u00een special persoanelor vulnerabile sau aflate \u00een risc, cu sprijinul partenerilor europeni \u0219i al autorit\u0103\u021bilor din statele afectate.<\/p>\n<p>De asemenea, oficialul a \u00eendemnat rom\u00e2nii care se afl\u0103 \u00een regiune s\u0103 utilizeze zborurile comerciale disponibile \u0219i s\u0103 nu a\u0219tepte zborurile speciale de evacuare, subliniind c\u0103 acestea sunt o solu\u021bie excep\u021bional\u0103 \u0219i nu pot acoperi toate cazurile.<\/p>\n<p>Repatrierile se desf\u0103\u0219oar\u0103 \u00een principal prin planuri individuale \u0219i rute comerciale, cu sprijin consular, av\u00e2nd \u00een vedere c\u0103 num\u0103rul persoanelor care pot fi incluse \u00een zborurile speciale este limitat de capacitatea aeronavelor \u0219i de cazurile oficiale raportate.<\/p>\n<p>Ministrul a clarificat \u0219i informa\u021biile ap\u0103rute \u00een spa\u021biul public despre alocarea locurilor \u00een zborul Muscat\u2013Otopeni, afirm\u00e2nd c\u0103 toate locurile alocate Rom\u00e2niei au fost ocupate \u0219i c\u0103 informa\u021biile despre neutilizarea acestora sunt false.<\/p>\n<p>Rom\u00e2nii care au fost repatria\u021bi s-au \u00eenregistrat \u00een baze de date comunicate de Ministerul Afacerilor Externe la \u00eenceputul crizei sau au trimis solicit\u0103ri oficiale la consulate. \u00cen acest context, oficialul a men\u021bionat c\u0103 nu a fost identificat\u0103 nicio cerere de asisten\u021b\u0103 pentru o minor\u0103 ne\u00eenso\u021bit\u0103 \u00een aceste baze de date.<\/p>\n<p>Mai mult, ministrul a respins informa\u021biile conform c\u0103rora o minor\u0103 ar fi fost exclus\u0103 dintr-un autobuz sau avion \u00een timpul opera\u021biunilor de evacuare. \u201eNu avem raport\u0103ri care s\u0103 indice, niciunde \u00een lume, c\u0103 un minor ar fi fost dat jos din transferurile sau zborurile organizate de noi sau asistate de echipele consulare\u201d, a declarat aceasta.<\/p>\n<p>Consulul din teren a men\u021bionat ulterior cazul unei minore ne\u00eenso\u021bite, iar r\u0103spunsul ministrului a fost c\u0103 orice modificare a listei de pasageri trebuie s\u0103 respecte regulile stabilite, astfel \u00eenc\u00e2t toate cazurile similare s\u0103 beneficieze de acela\u0219i tratament.<\/p>\n<p>Ministrul a ad\u0103ugat c\u0103, conform informa\u021biilor disponibile, zborul de evacuare nu a suferit modific\u0103ri fa\u021b\u0103 de confirm\u0103rile anterioare realizate de consulat, iar minora a avut op\u021biuni sigure de repatriere \u00eenc\u0103 de joi.<\/p>\n<p>\u00cen concluzie, oficialul a subliniat c\u0103 prioritatea autorit\u0103\u021bilor r\u0103m\u00e2ne sprijinirea rom\u00e2nilor afla\u021bi \u00een situa\u021bii de risc, prin cre\u0219terea num\u0103rului de zboruri comerciale disponibile, prioritizarea cazurilor vulnerabile \u0219i asigurarea accesului transparent la informa\u021bii prin canalele oficiale.<\/p>\n","protected":false},"excerpt":{"rendered":"<p>Recent, ministrul rom\u00e2n de externe a anun\u021bat c\u0103 Rom\u00e2nia a organizat primul zbor de repatriere prin intermediul mecanismului european, care a fost gratuit pentru to\u021bi rom\u00e2nii \u0219i al\u021bi cet\u0103\u021beni europeni afla\u021bi \u00een regiunea afectat\u0103 de criza de securitate din Orientul Mijlociu. \u00cen plus, \u021bara noastr\u0103 a colaborat cu alte state europene pentru evacuarea cet\u0103\u021benilor rom\u00e2ni [&hellip;]<\/p>\n","protected":false},"author":2,"featured_media":7175,"comment_status":"open","ping_status":"open","sticky":false,"template":"","format":"standard","meta":{"jnews-multi-image_gallery":[],"jnews_single_post":[],"jnews_primary_category":[],"jnews_override_counter":[],"footnotes":""},"categories":[42],"tags":[7085,10058,2179,359,2211,8735,149,9519],"class_list":["post-7174","post","type-post","status-publish","format-standard","has-post-thumbnail","hentry","category-politica","tag-cetateni-europeni","tag-criza-de-securitate","tag-evacuare","tag-ministerul-afacerilor-externe","tag-orientul-mijlociu","tag-repatriere","tag-romania","tag-zboruri-charter"],"_links":{"self":[{"href":"https:\/\/www.newsrecorder.ro\/app\/wp-json\/wp\/v2\/posts\/7174","targetHints":{"allow":["GET"]}}],"collection":[{"href":"https:\/\/www.newsrecorder.ro\/app\/wp-json\/wp\/v2\/posts"}],"about":[{"href":"https:\/\/www.newsrecorder.ro\/app\/wp-json\/wp\/v2\/types\/post"}],"author":[{"embeddable":true,"href":"https:\/\/www.newsrecorder.ro\/app\/wp-json\/wp\/v2\/users\/2"}],"replies":[{"embeddable":true,"href":"https:\/\/www.newsrecorder.ro\/app\/wp-json\/wp\/v2\/comments?post=7174"}],"version-history":[{"count":0,"href":"https:\/\/www.newsrecorder.ro\/app\/wp-json\/wp\/v2\/posts\/7174\/revisions"}],"wp:featuredmedia":[{"embeddable":true,"href":"https:\/\/www.newsrecorder.ro\/app\/wp-json\/wp\/v2\/media\/7175"}],"wp:attachment":[{"href":"https:\/\/www.newsrecorder.ro\/app\/wp-json\/wp\/v2\/media?parent=7174"}],"wp:term":[{"taxonomy":"category","embeddable":true,"href":"https:\/\/www.newsrecorder.ro\/app\/wp-json\/wp\/v2\/categories?post=7174"},{"taxonomy":"post_tag","embeddable":true,"href":"https:\/\/www.newsrecorder.ro\/app\/wp-json\/wp\/v2\/tags?post=7174"}],"curies":[{"name":"wp","href":"https:\/\/api.w.org\/{rel}","templated":true}]}}