{"id":7190,"date":"2026-03-07T22:37:31","date_gmt":"2026-03-07T22:37:31","guid":{"rendered":"https:\/\/www.newsrecorder.ro\/app\/2026\/03\/07\/charalambous-demisioneaza-de-la-fcsb-dupa-infrangerea-cu-cluj\/"},"modified":"2026-03-07T22:37:31","modified_gmt":"2026-03-07T22:37:31","slug":"charalambous-demisioneaza-de-la-fcsb-dupa-infrangerea-cu-cluj","status":"publish","type":"post","link":"https:\/\/www.newsrecorder.ro\/app\/2026\/03\/07\/charalambous-demisioneaza-de-la-fcsb-dupa-infrangerea-cu-cluj\/","title":{"rendered":"Charalambous demisioneaz\u0103 de la FCSB dup\u0103 \u00eenfr\u00e2ngerea cu Cluj!"},"content":{"rendered":"<p>Antrenorul echipei FCSB, Elias Charalambous, a anun\u021bat c\u0103 \u0219i-a prezentat demisia, declar\u00e2nd c\u0103 ziua de ieri a fost ultima sa pe banca tehnic\u0103 a campioanei Rom\u00e2niei. Aceast\u0103 decizie \u00eei apar\u021bine \u00een totalitate, conform informa\u021biilor publicate de <a href=\"https:\/\/www.prosport.ro\/fotbal-intern\/superliga\/elias-charalambous-si-a-anuntat-demisia-de-la-fcsb-cineva-trebuie-sa-si-asume-vina-20395732\" target=\"_blank\" rel=\"noopener\">ProSport<\/a>.<\/p>\n<p>Charalambous \u0219i-a anun\u021bat plecarea \u00een urma e\u0219ecului suferit pe teren propriu \u00een fa\u021ba Universit\u0103\u021bii Cluj, unde echipa sa a fost \u00eenvins\u0103 cu 1-3. \u00cen declara\u021biile sale, antrenorul a subliniat c\u0103 nu are multe de ad\u0103ugat despre meci, ci doar c\u0103 este hot\u0103r\u00e2t s\u0103 se retrag\u0103. \u201eCel care va veni dup\u0103 mine poate s\u0103 fac\u0103 mai mult dec\u00e2t am reu\u0219it eu. Este decizia mea \u0219i este ultima mea zi aici\u201d, a afirmat el.<\/p>\n<p>\u201eEchipa are ca obiectiv calificarea \u00een competi\u021biile europene, iar eu cred c\u0103 este nevoie de un \u0219oc pentru a revitaliza grupul. Am avut doi ani extraordinari, dar cineva trebuie s\u0103-\u0219i asume responsabilitatea. A\u0219a c\u0103, da, aceasta este ultima mea zi. Mul\u021bumesc\u201d, a ad\u0103ugat Elias Charalambous.<\/p>\n<p>Reac\u021bia lui Gigi Becali, patronul FCSB, a fost una surprinz\u0103toare. Acesta a aflat despre demisia lui Charalambous \u00een direct la televizor \u0219i a comentat: \u201e\u00censeamn\u0103 c\u0103 pleac\u0103 \u0219i el. Erau ca fra\u021bii!\u201d, referindu-se la leg\u0103tura str\u00e2ns\u0103 dintre Charalambous \u0219i Mihai Pintilii, care, de asemenea, p\u0103r\u0103se\u0219te clubul. Becali a continuat: \u201eFoarte bine a f\u0103cut. El, s\u0103racul, a realizat c\u0103 nu mai poate duce echipa. Din demnitate, a spus: \u00abNu mai pot\u00bb. Dac\u0103 juc\u0103torii nu se comport\u0103 corect, nu mai po\u021bi continua.\u201d<\/p>\n<p>\u201ePersonal, nu l-a\u0219 fi dat afar\u0103. Dac\u0103 ar fi fost cazul, i-a\u0219 fi spus s\u0103 discut\u0103m la finalul sezonului. C\u00e2nd se \u00eencheia play-out-ul, altcineva putea prelua echipa \u00een meciurile de baraj. Dac\u0103 \u0219i-a dat demisia, \u00eenseamn\u0103 c\u0103 \u0219i Pintilii pleac\u0103, deoarece erau foarte bine lega\u021bi. O s\u0103 discut acum, dup\u0103 ce \u00eenchid cu voi,\u201d a mai spus Gigi Becali.<\/p>\n<p>Bilan\u021bul antrenorului cipriot pe banca ro\u0219-alba\u0219trilor este impresionant. Elias Charalambous a fost numit antrenor principal pe 30 martie 2023 \u0219i a condus echipa \u00een 170 de meciuri, ob\u021bin\u00e2nd 88 de victorii, 41 de remize \u0219i 41 de \u00eenfr\u00e2ngeri. \u00cen timpul mandatului s\u0103u, a c\u00e2\u0219tigat dou\u0103 titluri \u00een SuperLiga \u0219i dou\u0103 Supercupe ale Rom\u00e2niei.<\/p>\n<p>Sub conducerea sa, FCSB a avut un parcurs remarcabil \u00een competi\u021biile europene \u00een sezonul 2024-2025, ajung\u00e2nd p\u00e2n\u0103 \u00een optimile de final\u0103 ale Europa League.<\/p>\n","protected":false},"excerpt":{"rendered":"<p>Antrenorul echipei FCSB, Elias Charalambous, a anun\u021bat c\u0103 \u0219i-a prezentat demisia, declar\u00e2nd c\u0103 ziua de ieri a fost ultima sa pe banca tehnic\u0103 a campioanei Rom\u00e2niei. Aceast\u0103 decizie \u00eei apar\u021bine \u00een totalitate, conform informa\u021biilor publicate de ProSport. Charalambous \u0219i-a anun\u021bat plecarea \u00een urma e\u0219ecului suferit pe teren propriu \u00een fa\u021ba Universit\u0103\u021bii Cluj, unde echipa sa [&hellip;]<\/p>\n","protected":false},"author":2,"featured_media":7191,"comment_status":"open","ping_status":"open","sticky":false,"template":"","format":"standard","meta":{"jnews-multi-image_gallery":[],"jnews_single_post":[],"jnews_primary_category":[],"jnews_override_counter":[],"footnotes":""},"categories":[39],"tags":[838,96,2079,3855,10067,83,319,2008],"class_list":["post-7190","post","type-post","status-publish","format-standard","has-post-thumbnail","hentry","category-stirile-zilei","tag-antrenor","tag-competitii-europene","tag-demisie","tag-elias-charalambous","tag-esec","tag-fcsb","tag-responsabilitate","tag-universitatea-cluj"],"_links":{"self":[{"href":"https:\/\/www.newsrecorder.ro\/app\/wp-json\/wp\/v2\/posts\/7190","targetHints":{"allow":["GET"]}}],"collection":[{"href":"https:\/\/www.newsrecorder.ro\/app\/wp-json\/wp\/v2\/posts"}],"about":[{"href":"https:\/\/www.newsrecorder.ro\/app\/wp-json\/wp\/v2\/types\/post"}],"author":[{"embeddable":true,"href":"https:\/\/www.newsrecorder.ro\/app\/wp-json\/wp\/v2\/users\/2"}],"replies":[{"embeddable":true,"href":"https:\/\/www.newsrecorder.ro\/app\/wp-json\/wp\/v2\/comments?post=7190"}],"version-history":[{"count":0,"href":"https:\/\/www.newsrecorder.ro\/app\/wp-json\/wp\/v2\/posts\/7190\/revisions"}],"wp:featuredmedia":[{"embeddable":true,"href":"https:\/\/www.newsrecorder.ro\/app\/wp-json\/wp\/v2\/media\/7191"}],"wp:attachment":[{"href":"https:\/\/www.newsrecorder.ro\/app\/wp-json\/wp\/v2\/media?parent=7190"}],"wp:term":[{"taxonomy":"category","embeddable":true,"href":"https:\/\/www.newsrecorder.ro\/app\/wp-json\/wp\/v2\/categories?post=7190"},{"taxonomy":"post_tag","embeddable":true,"href":"https:\/\/www.newsrecorder.ro\/app\/wp-json\/wp\/v2\/tags?post=7190"}],"curies":[{"name":"wp","href":"https:\/\/api.w.org\/{rel}","templated":true}]}}