{"id":7200,"date":"2026-03-07T22:38:50","date_gmt":"2026-03-07T22:38:50","guid":{"rendered":"https:\/\/www.newsrecorder.ro\/app\/2026\/03\/07\/hezbollah-lanseaza-atacuri-cu-drone-si-rachete-asupra-israelului\/"},"modified":"2026-03-07T22:38:50","modified_gmt":"2026-03-07T22:38:50","slug":"hezbollah-lanseaza-atacuri-cu-drone-si-rachete-asupra-israelului","status":"publish","type":"post","link":"https:\/\/www.newsrecorder.ro\/app\/2026\/03\/07\/hezbollah-lanseaza-atacuri-cu-drone-si-rachete-asupra-israelului\/","title":{"rendered":"Hezbollah lanseaz\u0103 atacuri cu drone \u0219i rachete asupra Israelului!"},"content":{"rendered":"<p>\u00centr-o serie de declara\u021bii recente, gruparea Hezbollah a anun\u021bat c\u0103 a desf\u0103\u0219urat un roi de drone, av\u00e2nd ca \u021bint\u0103 ora\u0219ul de coast\u0103 Nahariya, \u00een jurul orei 13:40, conform fusului orar local.<\/p>\n<p>Ulterior, \u00een aceea\u0219i sear\u0103, Hezbollah a comunicat c\u0103 a efectuat un nou atac asupra ora\u0219ului, ini\u021bial cu ceea ce a descris drept o grenad\u0103 propulsat\u0103, \u00een jurul orei 20:00. Acesta a fost urmat de un baraj de rachete, lansat la doar 15 minute distan\u021b\u0103.<\/p>\n<p>De asemenea, gruparea a mai men\u021bionat anterior c\u0103 a realizat un atac cu drone asupra ora\u0219ului Kiryat Shmona, continu\u00e2nd astfel escaladarea tensiunilor \u00een regiune.<\/p>\n","protected":false},"excerpt":{"rendered":"<p>\u00centr-o serie de declara\u021bii recente, gruparea Hezbollah a anun\u021bat c\u0103 a desf\u0103\u0219urat un roi de drone, av\u00e2nd ca \u021bint\u0103 ora\u0219ul de coast\u0103 Nahariya, \u00een jurul orei 13:40, conform fusului orar local. Ulterior, \u00een aceea\u0219i sear\u0103, Hezbollah a comunicat c\u0103 a efectuat un nou atac asupra ora\u0219ului, ini\u021bial cu ceea ce a descris drept o grenad\u0103 [&hellip;]<\/p>\n","protected":false},"author":2,"featured_media":7201,"comment_status":"open","ping_status":"open","sticky":false,"template":"","format":"standard","meta":{"jnews-multi-image_gallery":[],"jnews_single_post":[],"jnews_primary_category":[],"jnews_override_counter":[],"footnotes":""},"categories":[39],"tags":[914,924,10076,2185,10075,10074,925,1357],"class_list":["post-7200","post","type-post","status-publish","format-standard","has-post-thumbnail","hentry","category-stirile-zilei","tag-atac","tag-drone","tag-escaladare","tag-hezbollah","tag-kiryat-shmona","tag-nahariya","tag-rachete","tag-tensiuni"],"_links":{"self":[{"href":"https:\/\/www.newsrecorder.ro\/app\/wp-json\/wp\/v2\/posts\/7200","targetHints":{"allow":["GET"]}}],"collection":[{"href":"https:\/\/www.newsrecorder.ro\/app\/wp-json\/wp\/v2\/posts"}],"about":[{"href":"https:\/\/www.newsrecorder.ro\/app\/wp-json\/wp\/v2\/types\/post"}],"author":[{"embeddable":true,"href":"https:\/\/www.newsrecorder.ro\/app\/wp-json\/wp\/v2\/users\/2"}],"replies":[{"embeddable":true,"href":"https:\/\/www.newsrecorder.ro\/app\/wp-json\/wp\/v2\/comments?post=7200"}],"version-history":[{"count":0,"href":"https:\/\/www.newsrecorder.ro\/app\/wp-json\/wp\/v2\/posts\/7200\/revisions"}],"wp:featuredmedia":[{"embeddable":true,"href":"https:\/\/www.newsrecorder.ro\/app\/wp-json\/wp\/v2\/media\/7201"}],"wp:attachment":[{"href":"https:\/\/www.newsrecorder.ro\/app\/wp-json\/wp\/v2\/media?parent=7200"}],"wp:term":[{"taxonomy":"category","embeddable":true,"href":"https:\/\/www.newsrecorder.ro\/app\/wp-json\/wp\/v2\/categories?post=7200"},{"taxonomy":"post_tag","embeddable":true,"href":"https:\/\/www.newsrecorder.ro\/app\/wp-json\/wp\/v2\/tags?post=7200"}],"curies":[{"name":"wp","href":"https:\/\/api.w.org\/{rel}","templated":true}]}}