{"id":7204,"date":"2026-03-07T22:39:27","date_gmt":"2026-03-07T22:39:27","guid":{"rendered":"https:\/\/www.newsrecorder.ro\/app\/2026\/03\/07\/monument-dedicat-suporterilor-paok-omagiu-emotionant-in-timis\/"},"modified":"2026-03-07T22:39:27","modified_gmt":"2026-03-07T22:39:27","slug":"monument-dedicat-suporterilor-paok-omagiu-emotionant-in-timis","status":"publish","type":"post","link":"https:\/\/www.newsrecorder.ro\/app\/2026\/03\/07\/monument-dedicat-suporterilor-paok-omagiu-emotionant-in-timis\/","title":{"rendered":"Monument dedicat suporterilor PAOK: omagiu emo\u021bionant \u00een Timi\u0219"},"content":{"rendered":"<p>Un monument dedicat victimelor unei tragedii a fost dezvelit recent, aduc\u00e2nd un omagiu celor care au pierit. Participan\u021bii la ceremonie au adus flori \u0219i coroane, demonstr\u00e2nd respectul \u0219i compasiunea lor.<\/p>\n<p>S\u00e2mb\u0103t\u0103, dou\u0103 autocare pline cu suporteri ai echipei PAOK Salonic au sosit \u00een jude\u021bul Timi\u0219, vizit\u00e2nd locul accidentului tragic din luna ianuarie, unde \u0219apte tineri greci \u0219i-au pierdut via\u021ba. Ace\u0219tia au fost \u00eent\u00e2mpina\u021bi de peste 50 de sus\u021bin\u0103tori ai echipei Politehnica Timi\u0219oara, cre\u00e2nd un moment de solidaritate \u00eentre cele dou\u0103 comunit\u0103\u021bi.<\/p>\n<p>\u00cempreun\u0103, suporterii echipelor au depus coroane de flori \u0219i au participat la ceremonia de inaugurare a monumentului ridicat \u00een memoria victimelor. Evenimentul a fost plin de emo\u021bie, reunind nu doar fani, ci \u0219i familiile \u00eendoliate, care au sim\u021bit profund pierderea acestor tineri.<\/p>\n<p>Acest gest a fost interpretat ca un simbol al solidarit\u0103\u021bii \u00eentre comunit\u0103\u021bile de suporteri din Rom\u00e2nia \u0219i Grecia, unite de durerea provocat\u0103 de tragedia care a curmat vie\u021bile a \u0219apte tineri.<\/p>\n<p>La ceremonia de comemorare, a fost prezent \u0219i Mitropolitul Banatului, \u00cePS Ioan Selejan, care a oficiat o slujb\u0103 de parastas, \u00eenso\u021bit de un sobor de preo\u021bi \u0219i diaconi. Conform tradi\u021biei ortodoxe, la 40 de zile de la decesul unei persoane, se organizeaz\u0103 o rug\u0103ciune special\u0103 pentru odihna sufletului. Astfel, a fost ridicat\u0103 o cruce \u00een memoria celor \u0219apte suporteri.<\/p>\n<p>\u201eConform tradi\u021biei noastre ortodoxe, la 40 de zile dup\u0103 moartea unei persoane se face o rug\u0103ciune pentru sufletul ei. A\u0219a c\u0103, av\u00e2nd \u00een vedere c\u0103 ace\u0219ti \u0219apte tineri \u0219i-au sf\u00e2r\u0219it c\u0103l\u0103toria vie\u021bii aici, s-a ridicat o cruce \u00een amintirea lor\u201d, a declarat \u00cePS Ioan Selejan, conform <a href=\"https:\/\/www.opiniatimisoarei.ro\/video-monument-in-locul-in-care-7-suporteri-paok-salonic-au-murit-in-tragicul-accident-de-langa-lugoj-fani-ai-echipei-din-grecia-si-de-la-poli-timisoara-au-adus-coroane-si-flori\/07\/03\/2026\" target=\"_blank\" rel=\"noopener\">presei locale<\/a>.<\/p>\n<p>De asemenea, Mitropolia Banatului a subliniat c\u0103 la slujb\u0103 au fost prezen\u021bi \u0219i membri ai familiilor celor deceda\u021bi, care au venit special pentru a lua parte la aceast\u0103 ceremonie emo\u021bionant\u0103.<\/p>\n","protected":false},"excerpt":{"rendered":"<p>Un monument dedicat victimelor unei tragedii a fost dezvelit recent, aduc\u00e2nd un omagiu celor care au pierit. Participan\u021bii la ceremonie au adus flori \u0219i coroane, demonstr\u00e2nd respectul \u0219i compasiunea lor. S\u00e2mb\u0103t\u0103, dou\u0103 autocare pline cu suporteri ai echipei PAOK Salonic au sosit \u00een jude\u021bul Timi\u0219, vizit\u00e2nd locul accidentului tragic din luna ianuarie, unde \u0219apte tineri [&hellip;]<\/p>\n","protected":false},"author":2,"featured_media":7205,"comment_status":"open","ping_status":"open","sticky":false,"template":"","format":"standard","meta":{"jnews-multi-image_gallery":[],"jnews_single_post":[],"jnews_primary_category":[],"jnews_override_counter":[],"footnotes":""},"categories":[39],"tags":[866,2378,10077,337,10078,1482,1304,694],"class_list":["post-7204","post","type-post","status-publish","format-standard","has-post-thumbnail","hentry","category-stirile-zilei","tag-ceremonie","tag-emotie","tag-monument","tag-paok-salonic","tag-politehnica-timisoara","tag-solidaritate","tag-tragedie","tag-victime"],"_links":{"self":[{"href":"https:\/\/www.newsrecorder.ro\/app\/wp-json\/wp\/v2\/posts\/7204","targetHints":{"allow":["GET"]}}],"collection":[{"href":"https:\/\/www.newsrecorder.ro\/app\/wp-json\/wp\/v2\/posts"}],"about":[{"href":"https:\/\/www.newsrecorder.ro\/app\/wp-json\/wp\/v2\/types\/post"}],"author":[{"embeddable":true,"href":"https:\/\/www.newsrecorder.ro\/app\/wp-json\/wp\/v2\/users\/2"}],"replies":[{"embeddable":true,"href":"https:\/\/www.newsrecorder.ro\/app\/wp-json\/wp\/v2\/comments?post=7204"}],"version-history":[{"count":0,"href":"https:\/\/www.newsrecorder.ro\/app\/wp-json\/wp\/v2\/posts\/7204\/revisions"}],"wp:featuredmedia":[{"embeddable":true,"href":"https:\/\/www.newsrecorder.ro\/app\/wp-json\/wp\/v2\/media\/7205"}],"wp:attachment":[{"href":"https:\/\/www.newsrecorder.ro\/app\/wp-json\/wp\/v2\/media?parent=7204"}],"wp:term":[{"taxonomy":"category","embeddable":true,"href":"https:\/\/www.newsrecorder.ro\/app\/wp-json\/wp\/v2\/categories?post=7204"},{"taxonomy":"post_tag","embeddable":true,"href":"https:\/\/www.newsrecorder.ro\/app\/wp-json\/wp\/v2\/tags?post=7204"}],"curies":[{"name":"wp","href":"https:\/\/api.w.org\/{rel}","templated":true}]}}