{"id":7206,"date":"2026-03-08T03:41:35","date_gmt":"2026-03-08T03:41:35","guid":{"rendered":"https:\/\/www.newsrecorder.ro\/app\/2026\/03\/08\/ciprian-ciucu-provocarile-bucurestiului-si-angajamentul-primariei\/"},"modified":"2026-03-08T03:41:35","modified_gmt":"2026-03-08T03:41:35","slug":"ciprian-ciucu-provocarile-bucurestiului-si-angajamentul-primariei","status":"publish","type":"post","link":"https:\/\/www.newsrecorder.ro\/app\/2026\/03\/08\/ciprian-ciucu-provocarile-bucurestiului-si-angajamentul-primariei\/","title":{"rendered":"Ciprian Ciucu: Provoc\u0103rile Bucure\u0219tiului \u0219i angajamentul Prim\u0103riei!"},"content":{"rendered":"<p>Primarul Bucure\u0219tiului, <strong>Ciprian Ciucu<\/strong>, a postat s\u00e2mb\u0103t\u0103 sear\u0103 pe re\u021belele sociale o evaluare sincer\u0103 a st\u0103rii actuale a Capitalei, \u00een care a subliniat degradarea continu\u0103 a ora\u0219ului. Prin intermediul unei analize critice, el a eviden\u021biat problemele cu care se confrunt\u0103 Bucure\u0219tiul.<\/p>\n<p>\u201eDezordine, degradare, del\u0103sare \u0219i nep\u0103sare sunt doar c\u00e2teva dintre cuvintele care descriu realitatea ora\u0219ului, \u00een timp ce un strat sub\u021bire de ini\u021biativ\u0103 privat\u0103 a reu\u0219it s\u0103 deschid\u0103 localuri de calitate \u0219i s\u0103 men\u021bin\u0103, cu greu, \u021besutul urban \u00een via\u021b\u0103\u201d, a scris Ciprian Ciucu pe Facebook.<\/p>\n<p>\u00cen continuarea post\u0103rii sale, primarul a tras un semnal de alarm\u0103 cu privire la starea cl\u0103dirilor abandonate \u0219i vandalizate, men\u021bion\u00e2nd \u201emobilierul urban pestri\u021b, vechi, ruginit \u0219i vandalizat\u201d, \u0219i a descris cum cet\u0103\u021benii sunt nevoi\u021bi s\u0103 se strecoare printre ma\u0219inile parcate haotic pe marginea drumului. Aceast\u0103 imagine subliniaz\u0103 gravitatea situa\u021biei \u0219i nevoia urgent\u0103 de schimbare.<\/p>\n<p>Ciucu a abordat \u0219i responsabilit\u0103\u021bile administra\u021biei, critic\u00e2nd lipsa de implicare \u00een \u00eembun\u0103t\u0103\u021birea condi\u021biilor din ora\u0219: \u201eAutoritatea public\u0103 este anemic\u0103, iar poli\u021bia local\u0103 este practic inexistent\u0103.\u201d El a ad\u0103ugat: \u201eAm de lucru! Pare o misiune sisific\u0103, dar, dup\u0103 cum m\u0103 \u0219ti\u021bi, sunt determinat.\u201d<\/p>\n<p>\u00cen ultimele zile, primarul a ie\u0219it personal pe teren, al\u0103turi de directorii \u0219i func\u021bionarii prim\u0103riei, implic\u00e2nd \u0219i poli\u021bia local\u0103, administra\u021bia str\u0103zilor, urbanismul \u0219i arhitec\u021bi independen\u021bi pentru a evalua situa\u021bia actual\u0103.<\/p>\n<p>Pe baza acestei evalu\u0103ri, Ciprian Ciucu a anun\u021bat c\u0103 a luat \u201edecizii pentru repara\u021bii, proiecte mici de pietonalizare, refacerea spa\u021biilor verzi \u0219i a trotuarelor\u201d \u0219i a analizat proiecte mai mari din Planul Urban de Mobilitate, indic\u00e2nd c\u0103 strada Brezoianu va avea prioritate.<\/p>\n<p>De asemenea, primarul a precizat c\u0103 \u201eterasele cu construc\u021bii ilegale vor fi eliminate \u00een timp\u201d, promi\u021b\u00e2nd \u00een acela\u0219i timp c\u0103 va facilita \u00eenchirierea spa\u021biului public pentru mesele \u0219i scaunele restaurantelor \u0219i cafenelelor. <\/p>\n<p>\u201eSunt multe de f\u0103cut! Vom aborda fiecare zon\u0103 \u00een parte, pas cu pas. V\u0103 promit mult\u0103 munc\u0103 \u0219i determinare. Tot ce v\u0103 cer este s\u0103 ave\u021bi \u00eencredere \u0219i r\u0103bdare \u00een procesul de revitalizare a ora\u0219ului nostru!\u201d, a concluzionat Ciucu \u00een postarea sa.<\/p>\n","protected":false},"excerpt":{"rendered":"<p>Primarul Bucure\u0219tiului, Ciprian Ciucu, a postat s\u00e2mb\u0103t\u0103 sear\u0103 pe re\u021belele sociale o evaluare sincer\u0103 a st\u0103rii actuale a Capitalei, \u00een care a subliniat degradarea continu\u0103 a ora\u0219ului. Prin intermediul unei analize critice, el a eviden\u021biat problemele cu care se confrunt\u0103 Bucure\u0219tiul. \u201eDezordine, degradare, del\u0103sare \u0219i nep\u0103sare sunt doar c\u00e2teva dintre cuvintele care descriu realitatea ora\u0219ului, [&hellip;]<\/p>\n","protected":false},"author":2,"featured_media":7207,"comment_status":"open","ping_status":"open","sticky":false,"template":"","format":"standard","meta":{"jnews-multi-image_gallery":[],"jnews_single_post":[],"jnews_primary_category":[],"jnews_override_counter":[],"footnotes":""},"categories":[42],"tags":[362,289,1044,10081,10079,10083,10082,10080],"class_list":["post-7206","post","type-post","status-publish","format-standard","has-post-thumbnail","hentry","category-politica","tag-bucuresti","tag-cetateni","tag-ciprian-ciucu","tag-cladiri-abandonate","tag-degradare","tag-initiativa-privata","tag-mobilier-urban","tag-probleme-urbane"],"_links":{"self":[{"href":"https:\/\/www.newsrecorder.ro\/app\/wp-json\/wp\/v2\/posts\/7206","targetHints":{"allow":["GET"]}}],"collection":[{"href":"https:\/\/www.newsrecorder.ro\/app\/wp-json\/wp\/v2\/posts"}],"about":[{"href":"https:\/\/www.newsrecorder.ro\/app\/wp-json\/wp\/v2\/types\/post"}],"author":[{"embeddable":true,"href":"https:\/\/www.newsrecorder.ro\/app\/wp-json\/wp\/v2\/users\/2"}],"replies":[{"embeddable":true,"href":"https:\/\/www.newsrecorder.ro\/app\/wp-json\/wp\/v2\/comments?post=7206"}],"version-history":[{"count":0,"href":"https:\/\/www.newsrecorder.ro\/app\/wp-json\/wp\/v2\/posts\/7206\/revisions"}],"wp:featuredmedia":[{"embeddable":true,"href":"https:\/\/www.newsrecorder.ro\/app\/wp-json\/wp\/v2\/media\/7207"}],"wp:attachment":[{"href":"https:\/\/www.newsrecorder.ro\/app\/wp-json\/wp\/v2\/media?parent=7206"}],"wp:term":[{"taxonomy":"category","embeddable":true,"href":"https:\/\/www.newsrecorder.ro\/app\/wp-json\/wp\/v2\/categories?post=7206"},{"taxonomy":"post_tag","embeddable":true,"href":"https:\/\/www.newsrecorder.ro\/app\/wp-json\/wp\/v2\/tags?post=7206"}],"curies":[{"name":"wp","href":"https:\/\/api.w.org\/{rel}","templated":true}]}}