{"id":7220,"date":"2026-03-08T07:21:16","date_gmt":"2026-03-08T07:21:16","guid":{"rendered":"https:\/\/www.newsrecorder.ro\/app\/2026\/03\/08\/harkov-in-doliu-atacul-cu-rachete-devastator-pe-9-martie\/"},"modified":"2026-03-08T07:21:16","modified_gmt":"2026-03-08T07:21:16","slug":"harkov-in-doliu-atacul-cu-rachete-devastator-pe-9-martie","status":"publish","type":"post","link":"https:\/\/www.newsrecorder.ro\/app\/2026\/03\/08\/harkov-in-doliu-atacul-cu-rachete-devastator-pe-9-martie\/","title":{"rendered":"Harkov \u00een doliu: atacul cu rachete devastator pe 9 martie"},"content":{"rendered":"<p>Autorit\u0103\u021bile din Harkov au anun\u021bat oficial o zi de doliu \u00een memoria victimelor atacului cu rachete asupra unei cl\u0103diri reziden\u021biale, conform unui articol publicat de <a href=\"https:\/\/www.ukrinform.net\/rubric-ato\/4099033-march-9-declared-day-of-mourning-in-kharkiv-for-missile-strike-victims.html\">Ukrinform<\/a>.<\/p>\n<p>Primarul ora\u0219ului, Ihor Terekhov, a f\u0103cut aceast\u0103 declara\u021bie s\u00e2mb\u0103t\u0103 seara, printr-un mesaj pe platforma Telegram, subliniind importan\u021ba momentului pentru comunitate.<\/p>\n<p>Potrivit edilului, ziua de doliu va fi instituit\u0103 imediat dup\u0103 \u00eencheierea opera\u021biunilor echipelor de salvare, care continu\u0103 s\u0103 lucreze la locul tragediei. Autorit\u0103\u021bile estimeaz\u0103 c\u0103 aceste activit\u0103\u021bi de c\u0103utare \u0219i recuperare vor dura aproximativ dou\u0103 zile, av\u00e2nd \u00een vedere necesitatea de a verifica fiecare col\u021bi\u0219or al cl\u0103dirii distruse.<\/p>\n<p>\u201eO zi de doliu va fi declarat\u0103 \u00een Harkov imediat dup\u0103 finalizarea opera\u021biunilor de salvare \u0219i c\u0103utare la locul atacului, care vor dura dou\u0103 zile\u201d, a declarat Ihor Terekhov.<\/p>\n<p>Data stabilit\u0103 pentru aceast\u0103 zi de doliu este <strong>luni, 9 martie<\/strong>, zi \u00een care comunitatea local\u0103 va aduce un omagiu victimelor tragediei.<\/p>\n<p>Informa\u021biile furnizate de Ukrinform indic\u0103 faptul c\u0103 o cl\u0103dire reziden\u021bial\u0103 cu cinci etaje din sectorul Kyivskyi al ora\u0219ului Harkov a suferit distrugeri severe \u00een urma atacului. Imobilul a fost aproape complet devastat de impactul rachetelor.<\/p>\n<p>Autorit\u0103\u021bile au confirmat c\u0103 zece persoane au fost r\u0103nite, printre care se num\u0103r\u0103 trei minori: doi b\u0103ie\u021bi de 6 \u0219i 11 ani \u0219i o fat\u0103 de 17 ani, to\u021bi primind \u00eengrijiri medicale.<\/p>\n<p>Bilan\u021bul victimelor este tragic, cu \u0219apte persoane decedate, care se aflau sub d\u0103r\u00e2m\u0103turi \u00een momentul exploziei, printre care se num\u0103r\u0103 \u0219i doi copii.<\/p>\n<p>Echipele de interven\u021bie continu\u0103 s\u0103 efectueze verific\u0103ri \u00een zona afectat\u0103, din cauza temerilor c\u0103 ar putea exista \u0219i alte victime prinse sub ruinele cl\u0103dirii.<\/p>\n<p>Aceast\u0103 tragedie a generat un val puternic de emo\u021bie \u00een \u00eentreaga comunitate, iar autorit\u0103\u021bile locale au decis ca ziua de 9 martie s\u0103 fie dedicat\u0103 comemor\u0103rii celor care \u0219i-au pierdut via\u021ba \u00een acest incident devastator.<\/p>\n","protected":false},"excerpt":{"rendered":"<p>Autorit\u0103\u021bile din Harkov au anun\u021bat oficial o zi de doliu \u00een memoria victimelor atacului cu rachete asupra unei cl\u0103diri reziden\u021biale, conform unui articol publicat de Ukrinform. Primarul ora\u0219ului, Ihor Terekhov, a f\u0103cut aceast\u0103 declara\u021bie s\u00e2mb\u0103t\u0103 seara, printr-un mesaj pe platforma Telegram, subliniind importan\u021ba momentului pentru comunitate. Potrivit edilului, ziua de doliu va fi instituit\u0103 imediat [&hellip;]<\/p>\n","protected":false},"author":2,"featured_media":7221,"comment_status":"open","ping_status":"open","sticky":false,"template":"","format":"standard","meta":{"jnews-multi-image_gallery":[],"jnews_single_post":[],"jnews_primary_category":[],"jnews_override_counter":[],"footnotes":""},"categories":[41],"tags":[10095,9943,1043,10094,921,10096,2240,8351],"class_list":["post-7220","post","type-post","status-publish","format-standard","has-post-thumbnail","hentry","category-externe","tag-atac-rachete","tag-cladire-rezidentiala","tag-comunitate","tag-doliu","tag-harkov","tag-ihor-terekhov","tag-operatiuni","tag-salvare"],"_links":{"self":[{"href":"https:\/\/www.newsrecorder.ro\/app\/wp-json\/wp\/v2\/posts\/7220","targetHints":{"allow":["GET"]}}],"collection":[{"href":"https:\/\/www.newsrecorder.ro\/app\/wp-json\/wp\/v2\/posts"}],"about":[{"href":"https:\/\/www.newsrecorder.ro\/app\/wp-json\/wp\/v2\/types\/post"}],"author":[{"embeddable":true,"href":"https:\/\/www.newsrecorder.ro\/app\/wp-json\/wp\/v2\/users\/2"}],"replies":[{"embeddable":true,"href":"https:\/\/www.newsrecorder.ro\/app\/wp-json\/wp\/v2\/comments?post=7220"}],"version-history":[{"count":0,"href":"https:\/\/www.newsrecorder.ro\/app\/wp-json\/wp\/v2\/posts\/7220\/revisions"}],"wp:featuredmedia":[{"embeddable":true,"href":"https:\/\/www.newsrecorder.ro\/app\/wp-json\/wp\/v2\/media\/7221"}],"wp:attachment":[{"href":"https:\/\/www.newsrecorder.ro\/app\/wp-json\/wp\/v2\/media?parent=7220"}],"wp:term":[{"taxonomy":"category","embeddable":true,"href":"https:\/\/www.newsrecorder.ro\/app\/wp-json\/wp\/v2\/categories?post=7220"},{"taxonomy":"post_tag","embeddable":true,"href":"https:\/\/www.newsrecorder.ro\/app\/wp-json\/wp\/v2\/tags?post=7220"}],"curies":[{"name":"wp","href":"https:\/\/api.w.org\/{rel}","templated":true}]}}