{"id":7228,"date":"2026-03-08T07:22:09","date_gmt":"2026-03-08T07:22:09","guid":{"rendered":"https:\/\/www.newsrecorder.ro\/app\/2026\/03\/08\/explozie-misterioasa-zguduie-ambasada-sua-din-oslo\/"},"modified":"2026-03-08T07:22:09","modified_gmt":"2026-03-08T07:22:09","slug":"explozie-misterioasa-zguduie-ambasada-sua-din-oslo","status":"publish","type":"post","link":"https:\/\/www.newsrecorder.ro\/app\/2026\/03\/08\/explozie-misterioasa-zguduie-ambasada-sua-din-oslo\/","title":{"rendered":"Explozie misterioas\u0103 zguduie ambasada SUA din Oslo!"},"content":{"rendered":"<p>Explozia a avut loc \u00een jurul orei 1:00 a.m. (00:00 GMT), conform declara\u021biilor poli\u021biei, care a precizat c\u0103, \u00een prezent, nu exist\u0103 informa\u021bii despre cauza acestui incident, relateaz\u0103 <a href=\"https:\/\/www.lefigaro.fr\/international\/explosion-devant-l-ambassade-des-etats-unis-a-oslo-20260308\" target=\"_blank\" rel=\"noopener\">Le Figaro<\/a>. Michael Delmer, comandantul opera\u021biunilor poli\u021biei, a declarat \u00eentr-un interviu pentru postul public de radiodifuziune NRK c\u0103 explozia a avut loc la intrarea sec\u021biei consulare a ambasadei.<\/p>\n<p>\u201ePagubele sunt minore\u201d, a afirmat Delmer. \u201eDeocamdat\u0103, nu vom comenta natura pagubelor, ce anume a explodat sau alte detalii asem\u0103n\u0103toare, deoarece ancheta abia a \u00eenceput\u201d, a ad\u0103ugat el, subliniind prezen\u021ba unei numeroase for\u021be de poli\u021bie \u00een jurul ambasadei.<\/p>\n<p>\u00cen contextul tensiunilor interna\u021bionale, ambasadele SUA din Orientul Mijlociu au fost plasate \u00een stare de alert\u0103 maxim\u0103 din cauza opera\u021biunilor militare americane din Iran, multe dintre acestea devenind \u021binte ale atacurilor. Teheranul a reac\u021bionat prin atacuri asupra unor obiective industriale \u0219i diplomatice. Totu\u0219i, poli\u021bia nu a sugerat c\u0103 incidentul de la ambasada din Oslo ar avea leg\u0103tur\u0103 cu conflictele din Orientul Mijlociu.<\/p>\n<p>Un t\u00e2n\u0103r rezident al cartierului, \u00een v\u00e2rst\u0103 de 16 ani \u0219i cunoscut sub prenumele Edvard, a povestit pentru TV2 c\u0103 se uita la televizor \u00een momentul exploziei. \u201eMama \u0219i cu mine am crezut ini\u021bial c\u0103 sunetul provine de la noi acas\u0103, a\u0219a c\u0103 ne-am uitat \u00een jur, dar apoi am observat lumini intermitente afar\u0103, la fereastr\u0103, \u0219i o mul\u021bime de poli\u021bi\u0219ti\u201d, a relatat el. \u201eEra un haos \u00een aer, cu c\u00e2ini poli\u021bi\u0219ti, drone, ofi\u021beri \u00eenarma\u021bi \u0219i elicoptere\u201d, a ad\u0103ugat t\u00e2n\u0103rul, descriind atmosfera tensionat\u0103 dup\u0103 explozie.<\/p>\n","protected":false},"excerpt":{"rendered":"<p>Explozia a avut loc \u00een jurul orei 1:00 a.m. (00:00 GMT), conform declara\u021biilor poli\u021biei, care a precizat c\u0103, \u00een prezent, nu exist\u0103 informa\u021bii despre cauza acestui incident, relateaz\u0103 Le Figaro. Michael Delmer, comandantul opera\u021biunilor poli\u021biei, a declarat \u00eentr-un interviu pentru postul public de radiodifuziune NRK c\u0103 explozia a avut loc la intrarea sec\u021biei consulare a [&hellip;]<\/p>\n","protected":false},"author":2,"featured_media":7229,"comment_status":"open","ping_status":"open","sticky":false,"template":"","format":"standard","meta":{"jnews-multi-image_gallery":[],"jnews_single_post":[],"jnews_primary_category":[],"jnews_override_counter":[],"footnotes":""},"categories":[41],"tags":[4404,817,7357,1355,2211,1013,505,2894],"class_list":["post-7228","post","type-post","status-publish","format-standard","has-post-thumbnail","hentry","category-externe","tag-ambasada","tag-ancheta","tag-explozie","tag-incident","tag-orientul-mijlociu","tag-pagube","tag-politie","tag-tensiuni-internationale"],"_links":{"self":[{"href":"https:\/\/www.newsrecorder.ro\/app\/wp-json\/wp\/v2\/posts\/7228","targetHints":{"allow":["GET"]}}],"collection":[{"href":"https:\/\/www.newsrecorder.ro\/app\/wp-json\/wp\/v2\/posts"}],"about":[{"href":"https:\/\/www.newsrecorder.ro\/app\/wp-json\/wp\/v2\/types\/post"}],"author":[{"embeddable":true,"href":"https:\/\/www.newsrecorder.ro\/app\/wp-json\/wp\/v2\/users\/2"}],"replies":[{"embeddable":true,"href":"https:\/\/www.newsrecorder.ro\/app\/wp-json\/wp\/v2\/comments?post=7228"}],"version-history":[{"count":0,"href":"https:\/\/www.newsrecorder.ro\/app\/wp-json\/wp\/v2\/posts\/7228\/revisions"}],"wp:featuredmedia":[{"embeddable":true,"href":"https:\/\/www.newsrecorder.ro\/app\/wp-json\/wp\/v2\/media\/7229"}],"wp:attachment":[{"href":"https:\/\/www.newsrecorder.ro\/app\/wp-json\/wp\/v2\/media?parent=7228"}],"wp:term":[{"taxonomy":"category","embeddable":true,"href":"https:\/\/www.newsrecorder.ro\/app\/wp-json\/wp\/v2\/categories?post=7228"},{"taxonomy":"post_tag","embeddable":true,"href":"https:\/\/www.newsrecorder.ro\/app\/wp-json\/wp\/v2\/tags?post=7228"}],"curies":[{"name":"wp","href":"https:\/\/api.w.org\/{rel}","templated":true}]}}