{"id":7256,"date":"2026-03-08T17:13:28","date_gmt":"2026-03-08T17:13:28","guid":{"rendered":"https:\/\/www.newsrecorder.ro\/app\/2026\/03\/08\/nicusor-dan-femeile-care-lupta-in-tacere-merita-admirate\/"},"modified":"2026-03-08T17:13:28","modified_gmt":"2026-03-08T17:13:28","slug":"nicusor-dan-femeile-care-lupta-in-tacere-merita-admirate","status":"publish","type":"post","link":"https:\/\/www.newsrecorder.ro\/app\/2026\/03\/08\/nicusor-dan-femeile-care-lupta-in-tacere-merita-admirate\/","title":{"rendered":"Nicu\u0219or Dan: \u201eFemeile care lupt\u0103 \u00een t\u0103cere merit\u0103 admirate!\u201d"},"content":{"rendered":"<p>Cu ocazia zilei de 8 martie, pre\u0219edintele Rom\u00e2niei a adresat un mesaj emo\u021bionant \u00een care a exprimat recuno\u0219tin\u021ba fa\u021b\u0103 de femei pentru contribu\u021bia lor zilnic\u0103, subliniind c\u0103 societatea uit\u0103 adesea c\u00e2t de mult le datoreaz\u0103.<\/p>\n<p>\u201eLa mul\u021bi ani tuturor doamnelor \u0219i domni\u0219oarelor! De Ziua Interna\u021bional\u0103 a Femeii, v\u0103 mul\u021bumesc pentru tot ce face\u021bi pentru familiile dumneavoastr\u0103 \u0219i pentru comunitate. Prea des uit\u0103m c\u00e2t de mult v\u0103 dator\u0103m, c\u00e2t de puternice \u0219i de curajoase sunte\u021bi\u201d, a declarat pre\u0219edintele, eviden\u021biind astfel importan\u021ba rolului femeilor \u00een via\u021ba de zi cu zi.<\/p>\n<p>\u00cen cadrul aceluia\u0219i mesaj, Nicu\u0219or Dan a subliniat c\u0103 nu toate femeile beneficiaz\u0103 de apreciere \u0219i sprijin, \u00eendrept\u00e2ndu-\u0219i g\u00e2ndurile c\u0103tre cele aflate \u00een situa\u021bii dificile. El a f\u0103cut apel la solidaritate \u0219i con\u0219tientizare, accentu\u00e2nd c\u0103 exist\u0103 multe femei care nu primesc flori \u0219i recunoa\u0219tere \u00een aceast\u0103 zi special\u0103.<\/p>\n<p>\u201eG\u00e2ndurile mele se \u00eendreapt\u0103 mai ales c\u0103tre mamele singure, c\u0103tre femeile victime ale violen\u021bei domestice, c\u0103tre acelea care au reu\u0219it s\u0103 se desprind\u0103 din rela\u021bii toxice \u0219i \u00ee\u0219i continu\u0103 via\u021ba cu demnitate \u0219i determinare, c\u0103tre toate bunicile care tr\u0103iesc \u00een singur\u0103tate. V\u0103 admir pentru curaj \u0219i putere\u201d, a ad\u0103ugat el, f\u0103c\u00e2nd referire la diversele provoc\u0103ri cu care se confrunt\u0103 femeile \u00een societatea contemporan\u0103.<\/p>\n<p>De asemenea, pre\u0219edintele a eviden\u021biat importan\u021ba respect\u0103rii drepturilor femeilor \u0219i asigurarea egalit\u0103\u021bii de \u0219anse \u00een Rom\u00e2nia. El a subliniat c\u0103 autorit\u0103\u021bile trebuie s\u0103 continue s\u0103 lucreze pentru protejarea \u0219i respectarea fiec\u0103rei femei, indiferent de circumstan\u021bele \u00een care se afl\u0103.<\/p>\n<p>\u201eRom\u00e2nia mai are multe de f\u0103cut pentru a asigura respectul, \u0219ansele egale \u0219i protec\u021bia fiec\u0103rei femei. Voi continua s\u0103 sus\u021bin cu fermitate aceste obiective\u201d, a concluzionat pre\u0219edintele, reafirm\u00e2nd angajamentul s\u0103u fa\u021b\u0103 de \u00eembun\u0103t\u0103\u021birea situa\u021biei femeilor din \u021bar\u0103.<\/p>\n","protected":false},"excerpt":{"rendered":"<p>Cu ocazia zilei de 8 martie, pre\u0219edintele Rom\u00e2niei a adresat un mesaj emo\u021bionant \u00een care a exprimat recuno\u0219tin\u021ba fa\u021b\u0103 de femei pentru contribu\u021bia lor zilnic\u0103, subliniind c\u0103 societatea uit\u0103 adesea c\u00e2t de mult le datoreaz\u0103. \u201eLa mul\u021bi ani tuturor doamnelor \u0219i domni\u0219oarelor! De Ziua Interna\u021bional\u0103 a Femeii, v\u0103 mul\u021bumesc pentru tot ce face\u021bi pentru familiile [&hellip;]<\/p>\n","protected":false},"author":2,"featured_media":7257,"comment_status":"open","ping_status":"open","sticky":false,"template":"","format":"standard","meta":{"jnews-multi-image_gallery":[],"jnews_single_post":[],"jnews_primary_category":[],"jnews_override_counter":[],"footnotes":""},"categories":[42],"tags":[10031,2499,1043,10137,290,7400,10138,1482,3904],"class_list":["post-7256","post","type-post","status-publish","format-standard","has-post-thumbnail","hentry","category-politica","tag-8-martie","tag-apreciere","tag-comunitate","tag-femei-puternice","tag-presedintele-romaniei","tag-recunostinta","tag-situatii-dificile","tag-solidaritate","tag-ziua-internationala-a-femeii"],"_links":{"self":[{"href":"https:\/\/www.newsrecorder.ro\/app\/wp-json\/wp\/v2\/posts\/7256","targetHints":{"allow":["GET"]}}],"collection":[{"href":"https:\/\/www.newsrecorder.ro\/app\/wp-json\/wp\/v2\/posts"}],"about":[{"href":"https:\/\/www.newsrecorder.ro\/app\/wp-json\/wp\/v2\/types\/post"}],"author":[{"embeddable":true,"href":"https:\/\/www.newsrecorder.ro\/app\/wp-json\/wp\/v2\/users\/2"}],"replies":[{"embeddable":true,"href":"https:\/\/www.newsrecorder.ro\/app\/wp-json\/wp\/v2\/comments?post=7256"}],"version-history":[{"count":0,"href":"https:\/\/www.newsrecorder.ro\/app\/wp-json\/wp\/v2\/posts\/7256\/revisions"}],"wp:featuredmedia":[{"embeddable":true,"href":"https:\/\/www.newsrecorder.ro\/app\/wp-json\/wp\/v2\/media\/7257"}],"wp:attachment":[{"href":"https:\/\/www.newsrecorder.ro\/app\/wp-json\/wp\/v2\/media?parent=7256"}],"wp:term":[{"taxonomy":"category","embeddable":true,"href":"https:\/\/www.newsrecorder.ro\/app\/wp-json\/wp\/v2\/categories?post=7256"},{"taxonomy":"post_tag","embeddable":true,"href":"https:\/\/www.newsrecorder.ro\/app\/wp-json\/wp\/v2\/tags?post=7256"}],"curies":[{"name":"wp","href":"https:\/\/api.w.org\/{rel}","templated":true}]}}