{"id":7272,"date":"2026-03-08T19:09:42","date_gmt":"2026-03-08T19:09:42","guid":{"rendered":"https:\/\/www.newsrecorder.ro\/app\/2026\/03\/08\/laura-pirovano-triumfa-in-cupa-mondiala-de-schi-aicher-pe-urmele-lui-vonn\/"},"modified":"2026-03-08T19:09:42","modified_gmt":"2026-03-08T19:09:42","slug":"laura-pirovano-triumfa-in-cupa-mondiala-de-schi-aicher-pe-urmele-lui-vonn","status":"publish","type":"post","link":"https:\/\/www.newsrecorder.ro\/app\/2026\/03\/08\/laura-pirovano-triumfa-in-cupa-mondiala-de-schi-aicher-pe-urmele-lui-vonn\/","title":{"rendered":"Laura Pirovano triumf\u0103 \u00een Cupa Mondial\u0103 de schi, Aicher pe urmele lui Vonn!"},"content":{"rendered":"<p>Laura Pirovano, o t\u00e2n\u0103r\u0103 de 28 de ani din Italia, a demonstrat abilit\u0103\u021bi remarcabile pe p\u00e2rtie, stabilind un timp de referin\u021b\u0103 de 1:21.40 minute, gra\u021bie condi\u021biilor excelente de schi.<\/p>\n<p>Pe locul secund s-a clasat germanca Emma Aicher, care a ob\u021binut medalia de argint la cobor\u00e2rea olimpic\u0103 de la Milano Cortina 2026. Aicher a terminat cursa la doar 0,01 secunde \u00een spatele italiencei Pirovano.<\/p>\n<p>Breezy Johnson, campioana olimpic\u0103, a avut un \u00eenceput promi\u021b\u0103tor, fiind cea mai rapid\u0103 \u00een prima parte a traseului. Cu toate acestea, un ritm mai prudent \u00een a doua parte a adus-o pe locul trei, cu un timp de +0,29 secunde fa\u021b\u0103 de lider.<\/p>\n<p>Corinne Suter, care s-a impus \u00een etapa anterioar\u0103 de la Soldeu, a terminat pe locul opt, \u00een timp ce Sofia Goggia, tripl\u0103 medaliat\u0103 olimpic\u0103 la Milano Cortina 2026, a avut o presta\u021bie mai pu\u021bin conving\u0103toare, \u00eencheind pe locul 17.<\/p>\n<p>\u00cen clasamentul disciplinei, Lindsey Vonn, care se afl\u0103 \u00een proces de recuperare dup\u0103 o accidentare suferit\u0103 la Jocurile Olimpice, continu\u0103 s\u0103 conduc\u0103. Emma Aicher se afl\u0103 pe locul doi, fiind la doar 14 puncte distan\u021b\u0103, iar Pirovano completeaz\u0103 podiumul pe locul trei, la 64 de puncte \u00een urma liderului.<\/p>\n<p>\u00cen ceea ce prive\u0219te clasamentul general, Aicher ocup\u0103 locul doi, av\u00e2nd un deficit de 139 de puncte fa\u021b\u0103 de lidera Mikaela Shiffrin.<\/p>\n<p>Urm\u0103toarea etap\u0103 din cadrul Cupei Mondiale feminine va avea loc s\u00e2mb\u0103t\u0103 pe traseul La Volata, unde va fi disputat\u0103 proba de Super-G.<\/p>\n","protected":false},"excerpt":{"rendered":"<p>Laura Pirovano, o t\u00e2n\u0103r\u0103 de 28 de ani din Italia, a demonstrat abilit\u0103\u021bi remarcabile pe p\u00e2rtie, stabilind un timp de referin\u021b\u0103 de 1:21.40 minute, gra\u021bie condi\u021biilor excelente de schi. Pe locul secund s-a clasat germanca Emma Aicher, care a ob\u021binut medalia de argint la cobor\u00e2rea olimpic\u0103 de la Milano Cortina 2026. Aicher a terminat cursa [&hellip;]<\/p>\n","protected":false},"author":6,"featured_media":7273,"comment_status":"open","ping_status":"open","sticky":false,"template":"","format":"standard","meta":{"jnews-multi-image_gallery":[],"jnews_single_post":[],"jnews_primary_category":[],"jnews_override_counter":[],"footnotes":""},"categories":[46],"tags":[9824,8637,8634,9823,3246,834,3013,8635],"class_list":["post-7272","post","type-post","status-publish","format-standard","has-post-thumbnail","hentry","category-sport","tag-breezy-johnson","tag-corinne-suter","tag-emma-aicher","tag-laura-pirovano","tag-lindsey-vonn","tag-milano-cortina-2026","tag-schi","tag-sofia-goggia"],"_links":{"self":[{"href":"https:\/\/www.newsrecorder.ro\/app\/wp-json\/wp\/v2\/posts\/7272","targetHints":{"allow":["GET"]}}],"collection":[{"href":"https:\/\/www.newsrecorder.ro\/app\/wp-json\/wp\/v2\/posts"}],"about":[{"href":"https:\/\/www.newsrecorder.ro\/app\/wp-json\/wp\/v2\/types\/post"}],"author":[{"embeddable":true,"href":"https:\/\/www.newsrecorder.ro\/app\/wp-json\/wp\/v2\/users\/6"}],"replies":[{"embeddable":true,"href":"https:\/\/www.newsrecorder.ro\/app\/wp-json\/wp\/v2\/comments?post=7272"}],"version-history":[{"count":0,"href":"https:\/\/www.newsrecorder.ro\/app\/wp-json\/wp\/v2\/posts\/7272\/revisions"}],"wp:featuredmedia":[{"embeddable":true,"href":"https:\/\/www.newsrecorder.ro\/app\/wp-json\/wp\/v2\/media\/7273"}],"wp:attachment":[{"href":"https:\/\/www.newsrecorder.ro\/app\/wp-json\/wp\/v2\/media?parent=7272"}],"wp:term":[{"taxonomy":"category","embeddable":true,"href":"https:\/\/www.newsrecorder.ro\/app\/wp-json\/wp\/v2\/categories?post=7272"},{"taxonomy":"post_tag","embeddable":true,"href":"https:\/\/www.newsrecorder.ro\/app\/wp-json\/wp\/v2\/tags?post=7272"}],"curies":[{"name":"wp","href":"https:\/\/api.w.org\/{rel}","templated":true}]}}