{"id":7308,"date":"2026-03-08T19:39:50","date_gmt":"2026-03-08T19:39:50","guid":{"rendered":"https:\/\/www.newsrecorder.ro\/app\/2026\/03\/08\/romania-si-moldova-unesc-fortele-pentru-a-planta-o-padure-la-vama-sculeni\/"},"modified":"2026-03-08T19:39:50","modified_gmt":"2026-03-08T19:39:50","slug":"romania-si-moldova-unesc-fortele-pentru-a-planta-o-padure-la-vama-sculeni","status":"publish","type":"post","link":"https:\/\/www.newsrecorder.ro\/app\/2026\/03\/08\/romania-si-moldova-unesc-fortele-pentru-a-planta-o-padure-la-vama-sculeni\/","title":{"rendered":"Rom\u00e2nia \u0219i Moldova unesc for\u021bele pentru a planta o p\u0103dure la Vama Sculeni!"},"content":{"rendered":"<p>\u00cen aceast\u0103 lun\u0103, Rom\u00e2nia \u0219i Republica Moldova se unesc \u00eentr-o ac\u021biune simbolic\u0103 de \u00eemp\u0103durire la Vama Sculeni, pe ambele maluri ale r\u00e2ului Prut. Informa\u021bia a fost confirmat\u0103 de ministra Mediului, Diana Buzoianu, s\u00e2mb\u0103t\u0103, subliniind parteneriatul dintre ministerele mediului din cele dou\u0103 \u021b\u0103ri.<\/p>\n<p>Evenimentul coincide cu debutul sezonului de plantare \u00een Rom\u00e2nia, marcat de Luna P\u0103durii, o perioad\u0103 dedicat\u0103 anual activit\u0103\u021bilor de re\u00eemp\u0103durire desf\u0103\u0219urate de silvicultori pe \u00eentreg teritoriul \u021b\u0103rii.<\/p>\n<p>\u201eSezonul de plantare a \u00eenceput \u00een Rom\u00e2nia, o dat\u0103 cu Luna P\u0103durii, c\u00e2nd silvicultorii se mobilizeaz\u0103 pentru ac\u021biuni de \u00eemp\u0103durire. De asemenea, continu\u0103m proiectele de re\u00eemp\u0103durire finan\u021bate prin PNRR, ce vizeaz\u0103 plant\u0103ri pe suprafe\u021be extinse din Rom\u00e2nia. Anul acesta, marc\u0103m \u0219i un moment important de colaborare \u00eentre na\u021biuni, prin parteneriatul dintre Ministerul Mediului din Rom\u00e2nia \u0219i cel din Republica Moldova\u201d, a transmis Diana Buzoianu pe Facebook.<\/p>\n<p>Plant\u0103rile vor debuta pe malul rom\u00e2nesc al Prutului, cu implicarea Romsilva, \u0219i vor continua pe teritoriul Republicii Moldova, al\u0103turi de speciali\u0219tii de la Moldsilva.<\/p>\n<p>\u201eVom crea o p\u0103dure comun\u0103 la Vama Sculeni, de-a lungul ambelor maluri ale Prutului. \u00cencepem plantarea pe partea Rom\u00e2niei cu Romsilva, iar apoi ne vom deplasa pe partea Republicii Moldova, colabor\u00e2nd cu colegii de la Moldsilva\u201d, a ad\u0103ugat ministra Mediului.<\/p>\n<p>Ac\u021biunea este programat\u0103 pentru data de 14 martie. \u201eAceasta nu este doar o simpl\u0103 ac\u021biune de plantare. Este un mesaj clar c\u0103 protec\u021bia naturii dep\u0103\u0219e\u0219te grani\u021bele, iar p\u0103durile viitorului se construiesc prin colaborare. Pe 14 martie, vom planta copaci, dar mai important, vom planta o colaborare solid\u0103 \u00eentre dou\u0103 \u021b\u0103ri care \u00eemp\u0103rt\u0103\u0219esc aceea\u0219i viziune \u0219i responsabilitate fa\u021b\u0103 de natur\u0103\u201d, a conchis Diana Buzoianu.<\/p>\n","protected":false},"excerpt":{"rendered":"<p>\u00cen aceast\u0103 lun\u0103, Rom\u00e2nia \u0219i Republica Moldova se unesc \u00eentr-o ac\u021biune simbolic\u0103 de \u00eemp\u0103durire la Vama Sculeni, pe ambele maluri ale r\u00e2ului Prut. Informa\u021bia a fost confirmat\u0103 de ministra Mediului, Diana Buzoianu, s\u00e2mb\u0103t\u0103, subliniind parteneriatul dintre ministerele mediului din cele dou\u0103 \u021b\u0103ri. Evenimentul coincide cu debutul sezonului de plantare \u00een Rom\u00e2nia, marcat de Luna P\u0103durii, [&hellip;]<\/p>\n","protected":false},"author":2,"featured_media":7309,"comment_status":"open","ping_status":"open","sticky":false,"template":"","format":"standard","meta":{"jnews-multi-image_gallery":[],"jnews_single_post":[],"jnews_primary_category":[],"jnews_override_counter":[],"footnotes":""},"categories":[42],"tags":[9985,9987,6821,2898,187,10155,285,149],"class_list":["post-7308","post","type-post","status-publish","format-standard","has-post-thumbnail","hentry","category-politica","tag-impadurire","tag-luna-padurii","tag-ministerul-mediului","tag-parteneriat","tag-proiecte","tag-reimpadurire","tag-republica-moldova","tag-romania"],"_links":{"self":[{"href":"https:\/\/www.newsrecorder.ro\/app\/wp-json\/wp\/v2\/posts\/7308","targetHints":{"allow":["GET"]}}],"collection":[{"href":"https:\/\/www.newsrecorder.ro\/app\/wp-json\/wp\/v2\/posts"}],"about":[{"href":"https:\/\/www.newsrecorder.ro\/app\/wp-json\/wp\/v2\/types\/post"}],"author":[{"embeddable":true,"href":"https:\/\/www.newsrecorder.ro\/app\/wp-json\/wp\/v2\/users\/2"}],"replies":[{"embeddable":true,"href":"https:\/\/www.newsrecorder.ro\/app\/wp-json\/wp\/v2\/comments?post=7308"}],"version-history":[{"count":0,"href":"https:\/\/www.newsrecorder.ro\/app\/wp-json\/wp\/v2\/posts\/7308\/revisions"}],"wp:featuredmedia":[{"embeddable":true,"href":"https:\/\/www.newsrecorder.ro\/app\/wp-json\/wp\/v2\/media\/7309"}],"wp:attachment":[{"href":"https:\/\/www.newsrecorder.ro\/app\/wp-json\/wp\/v2\/media?parent=7308"}],"wp:term":[{"taxonomy":"category","embeddable":true,"href":"https:\/\/www.newsrecorder.ro\/app\/wp-json\/wp\/v2\/categories?post=7308"},{"taxonomy":"post_tag","embeddable":true,"href":"https:\/\/www.newsrecorder.ro\/app\/wp-json\/wp\/v2\/tags?post=7308"}],"curies":[{"name":"wp","href":"https:\/\/api.w.org\/{rel}","templated":true}]}}