{"id":7316,"date":"2026-03-08T19:40:53","date_gmt":"2026-03-08T19:40:53","guid":{"rendered":"https:\/\/www.newsrecorder.ro\/app\/2026\/03\/08\/succesorul-lui-khamenei-indiciile-unui-lider-suprem-in-asteptare\/"},"modified":"2026-03-08T19:40:53","modified_gmt":"2026-03-08T19:40:53","slug":"succesorul-lui-khamenei-indiciile-unui-lider-suprem-in-asteptare","status":"publish","type":"post","link":"https:\/\/www.newsrecorder.ro\/app\/2026\/03\/08\/succesorul-lui-khamenei-indiciile-unui-lider-suprem-in-asteptare\/","title":{"rendered":"\u201eSuccesorul lui Khamenei: Indiciile unui lider suprem \u00een a\u0219teptare\u201d"},"content":{"rendered":"<p>Un \u00eenalt oficial religios din Iran, implicat \u00een procesul de alegere a unui nou lider suprem, a declarat duminic\u0103 c\u0103 \u201enumele lui Khamenei va continua\u201d, \u00een contextul a\u0219tept\u0103rii anun\u021bului oficial privind succesorul ayatollahului Ali Khamenei, care a fost ucis s\u0103pt\u0103m\u00e2na trecut\u0103 \u00een urma unor atacuri comune desf\u0103\u0219urate de Statele Unite \u0219i Israel.<\/p>\n<p>Ayatollahul Hosseinali Eshkevari, unul dintre cei 88 de membri ai Adun\u0103rii Exper\u021bilor, a afirmat: \u201eNumele lui Khamenei va continua\u201d, conform informa\u021biilor furnizate de <a style=\"color: #0000ff\" href=\"https:\/\/news.sky.com\/story\/iran-latest-trump-tehran-israel-strikes-us-drone-live-sky-news-13509565?postid=11230824#liveblog-body\" target=\"_blank\" rel=\"noopener\">Sky News<\/a>.<\/p>\n<p>\u201eVotul a fost exprimat \u0219i va fi anun\u021bat \u00een cur\u00e2nd\u201d, a ad\u0103ugat Eshkevari, conform <a style=\"color: #0000ff\" href=\"https:\/\/www.reuters.com\/world\/europe\/trump-rejects-settling-iran-war-raises-prospect-killing-all-its-potential-2026-03-08\/\" target=\"_blank\" rel=\"noopener\">Reuters<\/a>.<\/p>\n<p>Aceste declara\u021bii vin \u00eentr-un moment \u00een care se intensific\u0103 a\u0219tept\u0103rile ca Mojtaba Khamenei, fiul lui Ali Khamenei, s\u0103 fie desemnat noul lider suprem. Dou\u0103 surse iraniene au confirmat recent pentru Reuters c\u0103 Mojtaba Khamenei r\u0103m\u00e2ne favorit clar pentru aceast\u0103 pozi\u021bie.<\/p>\n<p>\u00centr-o not\u0103 diferit\u0103, pre\u0219edintele american <a style=\"color: #0000ff\" href=\"https:\/\/www.mediafax.ro\/externe\/donald-trump-spune-ca-trebuie-sa-fie-implicat-in-alegerea-urmatorului-lider-suprem-al-iranului-fiul-lui-khamenei-este-inacceptabil-pentru-mine-23698085\" target=\"_blank\" rel=\"noopener\">Donald Trump<\/a> a discutat recent despre Mojtaba Khamenei \u00eentr-un interviu acordat publica\u021biei Axios. El a exprimat dorin\u021ba de a se implica personal \u00een alegerea viitorului lider suprem al Iranului, similar modului \u00een care a intervenit \u00een cazul Delcy Rodriguez \u00een Venezuela.<\/p>\n<p>Trump a recunoscut, \u00een cadrul interviului, c\u0103 Mojtaba Khamenei este cel mai probabil succesor al tat\u0103lui s\u0103u, dar a subliniat c\u0103 aceast\u0103 op\u021biune este inacceptabil\u0103 pentru el. \u201e\u00ce\u0219i pierd timpul. Fiul lui Khamenei este un personaj f\u0103r\u0103 importan\u021b\u0103. Trebuie s\u0103 m\u0103 implic \u00een numire, la fel cum am f\u0103cut cu Delcy [Rodriguez] \u00een Venezuela. Fiul lui Khamenei este inacceptabil pentru mine. Vrem pe cineva care s\u0103 aduc\u0103 armonie \u0219i pace \u00een Iran\u201d, a declarat Trump pentru Axios.<\/p>\n","protected":false},"excerpt":{"rendered":"<p>Un \u00eenalt oficial religios din Iran, implicat \u00een procesul de alegere a unui nou lider suprem, a declarat duminic\u0103 c\u0103 \u201enumele lui Khamenei va continua\u201d, \u00een contextul a\u0219tept\u0103rii anun\u021bului oficial privind succesorul ayatollahului Ali Khamenei, care a fost ucis s\u0103pt\u0103m\u00e2na trecut\u0103 \u00een urma unor atacuri comune desf\u0103\u0219urate de Statele Unite \u0219i Israel. Ayatollahul Hosseinali Eshkevari, [&hellip;]<\/p>\n","protected":false},"author":2,"featured_media":7317,"comment_status":"open","ping_status":"open","sticky":false,"template":"","format":"standard","meta":{"jnews-multi-image_gallery":[],"jnews_single_post":[],"jnews_primary_category":[],"jnews_override_counter":[],"footnotes":""},"categories":[41],"tags":[9296,1084,8593,913,2212,8719,9294,680],"class_list":["post-7316","post","type-post","status-publish","format-standard","has-post-thumbnail","hentry","category-externe","tag-adunarea-expertilor","tag-atacuri","tag-ayatollah","tag-iran","tag-khamenei","tag-lider-suprem","tag-mojtaba-khamenei","tag-statele-unite"],"_links":{"self":[{"href":"https:\/\/www.newsrecorder.ro\/app\/wp-json\/wp\/v2\/posts\/7316","targetHints":{"allow":["GET"]}}],"collection":[{"href":"https:\/\/www.newsrecorder.ro\/app\/wp-json\/wp\/v2\/posts"}],"about":[{"href":"https:\/\/www.newsrecorder.ro\/app\/wp-json\/wp\/v2\/types\/post"}],"author":[{"embeddable":true,"href":"https:\/\/www.newsrecorder.ro\/app\/wp-json\/wp\/v2\/users\/2"}],"replies":[{"embeddable":true,"href":"https:\/\/www.newsrecorder.ro\/app\/wp-json\/wp\/v2\/comments?post=7316"}],"version-history":[{"count":0,"href":"https:\/\/www.newsrecorder.ro\/app\/wp-json\/wp\/v2\/posts\/7316\/revisions"}],"wp:featuredmedia":[{"embeddable":true,"href":"https:\/\/www.newsrecorder.ro\/app\/wp-json\/wp\/v2\/media\/7317"}],"wp:attachment":[{"href":"https:\/\/www.newsrecorder.ro\/app\/wp-json\/wp\/v2\/media?parent=7316"}],"wp:term":[{"taxonomy":"category","embeddable":true,"href":"https:\/\/www.newsrecorder.ro\/app\/wp-json\/wp\/v2\/categories?post=7316"},{"taxonomy":"post_tag","embeddable":true,"href":"https:\/\/www.newsrecorder.ro\/app\/wp-json\/wp\/v2\/tags?post=7316"}],"curies":[{"name":"wp","href":"https:\/\/api.w.org\/{rel}","templated":true}]}}