{"id":7328,"date":"2026-03-08T21:40:44","date_gmt":"2026-03-08T21:40:44","guid":{"rendered":"https:\/\/www.newsrecorder.ro\/app\/2026\/03\/08\/proteste-masive-in-europa-de-ziua-femeii-oamenii-cer-egalitate-si-siguranta\/"},"modified":"2026-03-08T21:40:44","modified_gmt":"2026-03-08T21:40:44","slug":"proteste-masive-in-europa-de-ziua-femeii-oamenii-cer-egalitate-si-siguranta","status":"publish","type":"post","link":"https:\/\/www.newsrecorder.ro\/app\/2026\/03\/08\/proteste-masive-in-europa-de-ziua-femeii-oamenii-cer-egalitate-si-siguranta\/","title":{"rendered":"Proteste masive \u00een Europa de Ziua Femeii: Oamenii cer egalitate \u0219i siguran\u021b\u0103!"},"content":{"rendered":"<p>Duminica aceasta, cu ocazia Zilei Interna\u021bionale a Femeii, mii de oameni au ie\u0219it pe str\u0103zile principalelor ora\u0219e europene, mobiliz\u00e2ndu-se pentru a solicita \u00eencetarea inegalit\u0103\u021bii \u0219i a violen\u021bei de gen.<\/p>\n<p>Femeile au luptat pentru un acces mai bun la servicii medicale specifice, pentru egalitatea salarial\u0103 \u0219i pentru un tratament echitabil \u00een toate domeniile, conform raport\u0103rilor de la <a style=\"color: #0000ff\" href=\"https:\/\/www.euronews.com\/my-europe\/2026\/03\/08\/europe-marks-international-womens-day-in-a-context-of-increasing-global-conflict\" target=\"_blank\" rel=\"noopener\">Euronews<\/a>.<\/p>\n<p>\u00cen capitala Germaniei, Berlin, aproximativ 20.000 de participan\u021bi s-au al\u0103turat mar\u0219ului dedicat zilei de 8 martie. Ace\u0219tia au condamnat nu doar violen\u021ba \u00eempotriva femeilor din Germania, ci \u0219i discriminarea de gen care persist\u0103 \u00een societate.<\/p>\n<p>\u00cen Spania, mii de oameni au ie\u0219it pe str\u0103zile ora\u0219elor mari, cu un moment culminant \u00een Barcelona, unde peste 22.000 de persoane au strigat pentru egalitate \u0219i \u00eempotriva violen\u021bei. Manifesta\u021bii au avut loc \u0219i \u00een Madrid, Valencia, Sevilla, Granada, Bilbao \u0219i San Sebastian.<\/p>\n<p>Printre sloganurile inscrip\u021bionate pe pancartele protestatarilor s-au num\u0103rat \u201eNu r\u0103zboiului\u201d \u0219i \u201eFeministele antifasciste \u00eempotriva r\u0103zboiului imperialist\u201d.<\/p>\n<p>Participan\u021bii la aceste manifesta\u021bii \u0219i-au exprimat, de asemenea, solidaritatea cu femeile afectate de conflictele din Ucraina, Iran, Gaza \u0219i din alte zone ale lumii, a\u0219a cum subliniaz\u0103 sursa citat\u0103.<\/p>\n<p>Ziua Interna\u021bional\u0103 a Femeii a fost recunoscut\u0103 de Organiza\u021bia Na\u021biunilor Unite \u00een 1977 \u0219i este s\u0103rb\u0103torit\u0103 la nivel global prin diverse demonstra\u021bii, \u00een special cele organizate de femei, de la proteste energice p\u00e2n\u0103 la cursuri caritabile.<\/p>\n","protected":false},"excerpt":{"rendered":"<p>Duminica aceasta, cu ocazia Zilei Interna\u021bionale a Femeii, mii de oameni au ie\u0219it pe str\u0103zile principalelor ora\u0219e europene, mobiliz\u00e2ndu-se pentru a solicita \u00eencetarea inegalit\u0103\u021bii \u0219i a violen\u021bei de gen. Femeile au luptat pentru un acces mai bun la servicii medicale specifice, pentru egalitatea salarial\u0103 \u0219i pentru un tratament echitabil \u00een toate domeniile, conform raport\u0103rilor de [&hellip;]<\/p>\n","protected":false},"author":2,"featured_media":7329,"comment_status":"open","ping_status":"open","sticky":false,"template":"","format":"standard","meta":{"jnews-multi-image_gallery":[],"jnews_single_post":[],"jnews_primary_category":[],"jnews_override_counter":[],"footnotes":""},"categories":[41],"tags":[1327,10125,10173,2176,1035,703,10172,3904],"class_list":["post-7328","post","type-post","status-publish","format-standard","has-post-thumbnail","hentry","category-externe","tag-berlin","tag-egalitate-de-gen","tag-inegalitate-salariala","tag-mobilizare","tag-proteste","tag-spania","tag-violenta-de-gen","tag-ziua-internationala-a-femeii"],"_links":{"self":[{"href":"https:\/\/www.newsrecorder.ro\/app\/wp-json\/wp\/v2\/posts\/7328","targetHints":{"allow":["GET"]}}],"collection":[{"href":"https:\/\/www.newsrecorder.ro\/app\/wp-json\/wp\/v2\/posts"}],"about":[{"href":"https:\/\/www.newsrecorder.ro\/app\/wp-json\/wp\/v2\/types\/post"}],"author":[{"embeddable":true,"href":"https:\/\/www.newsrecorder.ro\/app\/wp-json\/wp\/v2\/users\/2"}],"replies":[{"embeddable":true,"href":"https:\/\/www.newsrecorder.ro\/app\/wp-json\/wp\/v2\/comments?post=7328"}],"version-history":[{"count":0,"href":"https:\/\/www.newsrecorder.ro\/app\/wp-json\/wp\/v2\/posts\/7328\/revisions"}],"wp:featuredmedia":[{"embeddable":true,"href":"https:\/\/www.newsrecorder.ro\/app\/wp-json\/wp\/v2\/media\/7329"}],"wp:attachment":[{"href":"https:\/\/www.newsrecorder.ro\/app\/wp-json\/wp\/v2\/media?parent=7328"}],"wp:term":[{"taxonomy":"category","embeddable":true,"href":"https:\/\/www.newsrecorder.ro\/app\/wp-json\/wp\/v2\/categories?post=7328"},{"taxonomy":"post_tag","embeddable":true,"href":"https:\/\/www.newsrecorder.ro\/app\/wp-json\/wp\/v2\/tags?post=7328"}],"curies":[{"name":"wp","href":"https:\/\/api.w.org\/{rel}","templated":true}]}}