{"id":7362,"date":"2026-03-08T23:14:14","date_gmt":"2026-03-08T23:14:14","guid":{"rendered":"https:\/\/www.newsrecorder.ro\/app\/2026\/03\/08\/zelenski-conflictul-din-orientul-mijlociu-ar-putea-submina-sprijinul-pentru-ucraina\/"},"modified":"2026-03-08T23:14:14","modified_gmt":"2026-03-08T23:14:14","slug":"zelenski-conflictul-din-orientul-mijlociu-ar-putea-submina-sprijinul-pentru-ucraina","status":"publish","type":"post","link":"https:\/\/www.newsrecorder.ro\/app\/2026\/03\/08\/zelenski-conflictul-din-orientul-mijlociu-ar-putea-submina-sprijinul-pentru-ucraina\/","title":{"rendered":"Zelenski: Conflictul din Orientul Mijlociu ar putea submina sprijinul pentru Ucraina"},"content":{"rendered":"<p>Pre\u0219edintele Ucrainei, Volodimir Zelenski, a tras un semnal de alarm\u0103 cu privire la impactul pe care conflictul din Orientul Mijlociu \u00eel poate avea asupra sprijinului interna\u021bional pentru \u021bara sa. \u00centr-o postare pe platforma X, Zelenski \u0219i-a exprimat speran\u021ba c\u0103 acest r\u0103zboi nu se va prelungi, subliniind c\u0103 nu doar Ucraina ar avea de suferit, ci \u0219i fiecare via\u021b\u0103 omeneasc\u0103 pierdut\u0103 \u00een acest context reprezint\u0103 o tragedie profund\u0103.<\/p>\n<p>\u201eDac\u0103 nu se ajunge la o pace durabil\u0103 sau la un armisti\u021biu \u00een primele zile ale conflictului, riscul de prelungire a acestuia devine considerabil\u201d, a ad\u0103ugat el, eviden\u021biind astfel importan\u021ba negocierilor rapide. Liderul ucrainean a subliniat c\u0103 o aten\u021bie mai redus\u0103 asupra situa\u021biei din Ucraina ar putea duce la diminuarea sprijinului interna\u021bional, iar acest lucru s-ar traduce \u00een resurse mai limitate pentru ap\u0103rarea aerian\u0103 a \u021b\u0103rii.<\/p>\n<p>\u00cen aceea\u0219i zi, \u00een cadrul unei conferin\u021be de pres\u0103 al\u0103turi de premierul Olandei, Rob Jetten, Zelenski a anun\u021bat c\u0103 exper\u021bi ucraineni vor fi trimi\u0219i \u00een Orientul Mijlociu \u00een s\u0103pt\u0103m\u00e2na urm\u0103toare pentru a oferi asisten\u021b\u0103 \u00een combaterea amenin\u021b\u0103rilor reprezentate de dronele iraniene. \u201eDac\u0103 discut\u0103m despre acumularea anumitor resurse, ne dorim ca aceasta s\u0103 fie o oportunitate reciproc avantajoas\u0103. Suntem con\u0219tien\u021bi de limit\u0103rile pe care le avem, dar \u0219i de cele ale \u021b\u0103rilor din Golf\u201d, a explicat Zelenski.<\/p>\n<p>El a ad\u0103ugat c\u0103 detaliile suplimentare vor fi discutate dup\u0103 evalu\u0103rile efectuate de echipa de exper\u021bi care se va deplasa \u00een regiune. \u201eS\u0103pt\u0103m\u00e2na viitoare, c\u00e2nd exper\u021bii vor fi la fa\u021ba locului, vor evalua situa\u021bia \u0219i vor oferi asisten\u021b\u0103, deoarece vin echipa\u021bi cu capacit\u0103\u021bile necesare\u201d, a concluzionat Zelenski, subliniind angajamentul Ucrainei de a colabora cu partenerii interna\u021bionali pentru a face fa\u021b\u0103 provoc\u0103rilor actuale.<\/p>\n","protected":false},"excerpt":{"rendered":"<p>Pre\u0219edintele Ucrainei, Volodimir Zelenski, a tras un semnal de alarm\u0103 cu privire la impactul pe care conflictul din Orientul Mijlociu \u00eel poate avea asupra sprijinului interna\u021bional pentru \u021bara sa. \u00centr-o postare pe platforma X, Zelenski \u0219i-a exprimat speran\u021ba c\u0103 acest r\u0103zboi nu se va prelungi, subliniind c\u0103 nu doar Ucraina ar avea de suferit, ci [&hellip;]<\/p>\n","protected":false},"author":2,"featured_media":7363,"comment_status":"open","ping_status":"open","sticky":false,"template":"","format":"standard","meta":{"jnews-multi-image_gallery":[],"jnews_single_post":[],"jnews_primary_category":[],"jnews_override_counter":[],"footnotes":""},"categories":[39],"tags":[4451,2209,684,686,2211,807,4265,1030],"class_list":["post-7362","post","type-post","status-publish","format-standard","has-post-thumbnail","hentry","category-stirile-zilei","tag-aparare-aeriana","tag-armistitiu","tag-conflict","tag-negocieri","tag-orientul-mijlociu","tag-pace","tag-sprijin-international","tag-zelenski"],"_links":{"self":[{"href":"https:\/\/www.newsrecorder.ro\/app\/wp-json\/wp\/v2\/posts\/7362","targetHints":{"allow":["GET"]}}],"collection":[{"href":"https:\/\/www.newsrecorder.ro\/app\/wp-json\/wp\/v2\/posts"}],"about":[{"href":"https:\/\/www.newsrecorder.ro\/app\/wp-json\/wp\/v2\/types\/post"}],"author":[{"embeddable":true,"href":"https:\/\/www.newsrecorder.ro\/app\/wp-json\/wp\/v2\/users\/2"}],"replies":[{"embeddable":true,"href":"https:\/\/www.newsrecorder.ro\/app\/wp-json\/wp\/v2\/comments?post=7362"}],"version-history":[{"count":0,"href":"https:\/\/www.newsrecorder.ro\/app\/wp-json\/wp\/v2\/posts\/7362\/revisions"}],"wp:featuredmedia":[{"embeddable":true,"href":"https:\/\/www.newsrecorder.ro\/app\/wp-json\/wp\/v2\/media\/7363"}],"wp:attachment":[{"href":"https:\/\/www.newsrecorder.ro\/app\/wp-json\/wp\/v2\/media?parent=7362"}],"wp:term":[{"taxonomy":"category","embeddable":true,"href":"https:\/\/www.newsrecorder.ro\/app\/wp-json\/wp\/v2\/categories?post=7362"},{"taxonomy":"post_tag","embeddable":true,"href":"https:\/\/www.newsrecorder.ro\/app\/wp-json\/wp\/v2\/tags?post=7362"}],"curies":[{"name":"wp","href":"https:\/\/api.w.org\/{rel}","templated":true}]}}