{"id":739,"date":"2026-01-27T22:42:40","date_gmt":"2026-01-27T22:42:40","guid":{"rendered":"https:\/\/www.newsrecorder.ro\/app\/2026\/01\/27\/ilie-bolojan-se-intalneste-cu-liderii-germani-la-berlin\/"},"modified":"2026-01-27T22:42:40","modified_gmt":"2026-01-27T22:42:40","slug":"ilie-bolojan-se-intalneste-cu-liderii-germani-la-berlin","status":"publish","type":"post","link":"https:\/\/www.newsrecorder.ro\/app\/2026\/01\/27\/ilie-bolojan-se-intalneste-cu-liderii-germani-la-berlin\/","title":{"rendered":"Ilie Bolojan se \u00eent\u00e2lne\u0219te cu liderii germani la Berlin!"},"content":{"rendered":"<p>Ast\u0103zi, \u00een cadrul unei vizite oficiale la Berlin, prim-ministrul Rom\u00e2niei, <a href=\"https:\/\/www.mediafax.ro\/politic\/ilie-bolojan-romania-nu-este-pregatita-pentru-impozitare-progresiva-sustinerea-acordului-mercosur-ramane-ferma-23677066\">Ilie Bolojan<\/a>, a avut o \u00eent\u00e2lnire cu reprezentan\u021bii Camerei de Comer\u021b \u0219i Industrie a Germaniei (DIHK), discu\u021biile concentr\u00e2ndu-se pe \u00eent\u0103rirea cooper\u0103rii economice \u0219i sectoriale \u00eentre cele dou\u0103 \u021b\u0103ri, precum \u0219i pe consolidarea parteneriatului strategic existent.<\/p>\n<p>Premierul Bolojan a subliniat importan\u021ba rela\u021biei economice bilaterale, men\u021bion\u00e2nd c\u0103 Germania este, de ani buni, cel mai important partener comercial al Rom\u00e2niei \u0219i principalul investitor str\u0103in \u00een economia rom\u00e2neasc\u0103. El a eviden\u021biat impactul pozitiv al companiilor germane asupra cre\u0103rii de locuri de munc\u0103 stabile \u0219i atragerii de investi\u021bii pe termen lung, subliniind interesul Rom\u00e2niei de a atrage noi investi\u021bii germane \u00eentr-un mediu economic stabil \u0219i predictibil.<\/p>\n<p>\u00cen cadrul \u00eent\u00e2lnirii, s-a discutat despre extinderea \u0219i diversificarea investi\u021biilor germane \u00een sectoare cu valoare ad\u0103ugat\u0103, cum ar fi infrastructura, energia, agricultura \u0219i industria alimentar\u0103, dar \u0219i despre cercetare \u0219i inova\u021bie. De asemenea, s-a abordat tema cre\u0219terii accesului companiilor rom\u00e2ne\u0219ti pe pia\u021ba german\u0103 \u0219i \u00een re\u021beaua interna\u021bional\u0103 a DIHK, care activeaz\u0103 \u00een peste 90 de \u021b\u0103ri.<\/p>\n<p>Reprezentan\u021bii rom\u00e2ni \u0219i-au exprimat dorin\u021ba de a promova mai activ produsele rom\u00e2ne\u0219ti \u00een Germania, precum \u0219i de a implica firmele locale \u00een proiecte de modernizare \u0219i extindere a infrastructurii.<\/p>\n<p>Cooperarea \u00een domeniul ap\u0103r\u0103rii \u0219i securit\u0103\u021bii regionale a fost un alt punct important al discu\u021biilor. Reprezentan\u021bii DIHK au subliniat rolul re\u021belei de camere de comer\u021b \u00een facilitarea rela\u021biilor economice bilaterale \u0219i au demonstrat deschiderea pentru dezvoltarea de noi parteneriate, \u00een contextul noilor politici comerciale europene. Partea german\u0103 a apreciat contribu\u021bia Rom\u00e2niei la men\u021binerea stabilit\u0103\u021bii regionale, subliniind convergen\u021ba de pozi\u021bii \u00eentre cele dou\u0103 state \u00een domeniul politic, economic \u0219i de ap\u0103rare.<\/p>\n<p>\u00cen ceea ce prive\u0219te industria de ap\u0103rare, discu\u021biile au inclus \u0219i programul SAFE, care vizeaz\u0103 at\u00e2t achizi\u021bii comune, c\u00e2t \u0219i produc\u021bie. Colaborarea cu companii germane precum Rheinmetall a fost men\u021bionat\u0103 ca o oportunitate important\u0103 pentru transferul de tehnologie \u0219i dezvoltarea capacit\u0103\u021bilor de produc\u021bie ale Armatei Rom\u00e2niei. De asemenea, s-a discutat despre preg\u0103tirea \u0219i calificarea for\u021bei de munc\u0103, fiind apreciate contribu\u021biile companiilor germane \u0219i ale Camerei de Comer\u021b \u0219i Industrie Rom\u00e2no-Germane \u00een dezvoltarea educa\u021biei duale \u0219i a programelor de formare profesional\u0103, cu un interes crescut pentru extinderea acestora \u00een domenii strategice.<\/p>\n<p>Pe plan economic, oficialii rom\u00e2ni au prezentat m\u0103surile implementate pentru cre\u0219terea veniturilor bugetare, reducerea cheltuielilor publice \u0219i prioritizarea investi\u021biilor, toate acestea fiind parte a eforturilor de reducere a deficitului bugetar, men\u021bin\u00e2nd totodat\u0103 un climat favorabil investi\u021biilor. Reprezentan\u021bii germani au recunoscut progresele Rom\u00e2niei \u00een procesul de aderare la Organiza\u021bia pentru Cooperare \u0219i Dezvoltare Economic\u0103 (OCDE), subliniind sprijinul constant al DIHK prin re\u021beaua sa interna\u021bional\u0103.<\/p>\n<p>Delega\u021bia rom\u00e2n\u0103, care \u00eel \u00eenso\u021be\u0219te pe premierul Ilie Bolojan \u00een Berlin, este compus\u0103 din deputatul Ovidiu Gan\u021b, viceprim-ministrul \u0219i ministrul ap\u0103r\u0103rii na\u021bionale Radu Miru\u021b\u0103, \u0219eful Cancelariei Prim-ministrului Mihai Jurca, \u0219eful Statului Major al Ap\u0103r\u0103rii Gheorghi\u021b\u0103 Vlad, secretarul de stat Drago\u0219 Hotea \u0219i consilierul de stat Raul Gutin.<\/p>\n","protected":false},"excerpt":{"rendered":"<p>Ast\u0103zi, \u00een cadrul unei vizite oficiale la Berlin, prim-ministrul Rom\u00e2niei, Ilie Bolojan, a avut o \u00eent\u00e2lnire cu reprezentan\u021bii Camerei de Comer\u021b \u0219i Industrie a Germaniei (DIHK), discu\u021biile concentr\u00e2ndu-se pe \u00eent\u0103rirea cooper\u0103rii economice \u0219i sectoriale \u00eentre cele dou\u0103 \u021b\u0103ri, precum \u0219i pe consolidarea parteneriatului strategic existent. Premierul Bolojan a subliniat importan\u021ba rela\u021biei economice bilaterale, men\u021bion\u00e2nd c\u0103 [&hellip;]<\/p>\n","protected":false},"author":2,"featured_media":740,"comment_status":"open","ping_status":"open","sticky":false,"template":"","format":"standard","meta":{"jnews-multi-image_gallery":[],"jnews_single_post":[],"jnews_primary_category":[],"jnews_override_counter":[],"footnotes":""},"categories":[42],"tags":[1327,1322,1325,1323,1326,905,443,1324],"class_list":["post-739","post","type-post","status-publish","format-standard","has-post-thumbnail","hentry","category-politica","tag-berlin","tag-cooperare-economica","tag-industrie","tag-investitii-germane","tag-locuri-de-munca","tag-parteneriat-strategic","tag-prim-ministru","tag-relatii-bilaterale"],"_links":{"self":[{"href":"https:\/\/www.newsrecorder.ro\/app\/wp-json\/wp\/v2\/posts\/739","targetHints":{"allow":["GET"]}}],"collection":[{"href":"https:\/\/www.newsrecorder.ro\/app\/wp-json\/wp\/v2\/posts"}],"about":[{"href":"https:\/\/www.newsrecorder.ro\/app\/wp-json\/wp\/v2\/types\/post"}],"author":[{"embeddable":true,"href":"https:\/\/www.newsrecorder.ro\/app\/wp-json\/wp\/v2\/users\/2"}],"replies":[{"embeddable":true,"href":"https:\/\/www.newsrecorder.ro\/app\/wp-json\/wp\/v2\/comments?post=739"}],"version-history":[{"count":0,"href":"https:\/\/www.newsrecorder.ro\/app\/wp-json\/wp\/v2\/posts\/739\/revisions"}],"wp:featuredmedia":[{"embeddable":true,"href":"https:\/\/www.newsrecorder.ro\/app\/wp-json\/wp\/v2\/media\/740"}],"wp:attachment":[{"href":"https:\/\/www.newsrecorder.ro\/app\/wp-json\/wp\/v2\/media?parent=739"}],"wp:term":[{"taxonomy":"category","embeddable":true,"href":"https:\/\/www.newsrecorder.ro\/app\/wp-json\/wp\/v2\/categories?post=739"},{"taxonomy":"post_tag","embeddable":true,"href":"https:\/\/www.newsrecorder.ro\/app\/wp-json\/wp\/v2\/tags?post=739"}],"curies":[{"name":"wp","href":"https:\/\/api.w.org\/{rel}","templated":true}]}}