{"id":7408,"date":"2026-03-09T11:43:46","date_gmt":"2026-03-09T11:43:46","guid":{"rendered":"https:\/\/www.newsrecorder.ro\/app\/2026\/03\/09\/mae-aproape-300-de-romani-asteapta-repatrierea-urgenta\/"},"modified":"2026-03-09T11:43:46","modified_gmt":"2026-03-09T11:43:46","slug":"mae-aproape-300-de-romani-asteapta-repatrierea-urgenta","status":"publish","type":"post","link":"https:\/\/www.newsrecorder.ro\/app\/2026\/03\/09\/mae-aproape-300-de-romani-asteapta-repatrierea-urgenta\/","title":{"rendered":"MAE: Aproape 300 de rom\u00e2ni a\u0219teapt\u0103 repatrierea urgent\u0103!"},"content":{"rendered":"<p>\u201eNum\u0103rul fluctueaz\u0103 zilnic, deoarece primim continuu noi solicit\u0103ri \u0219i afl\u0103m c\u0103 unii cet\u0103\u021beni au reu\u0219it deja s\u0103 plece cu zboruri comerciale. A\u0219adar, nu este o cifr\u0103 fix\u0103 \u00een acest moment\u201d, a declarat Andrei \u021a\u0103rnea, purt\u0103torul de cuv\u00e2nt al Ministerului Afacerilor Externe.<\/p>\n<p>Acesta a explicat c\u0103 informa\u021biile referitoare la rom\u00e2nii care se afl\u0103 \u00een situa\u021bii speciale ajung cu \u00eent\u00e2rziere, \u00eentruc\u00e2t colegii din cadrul sec\u021biilor consulare trebuie s\u0103 contacteze persoanele \u0219i familiile lor pentru a le comunica detaliile zborurilor de repatriere asistat\u0103 sau evacuare. \u201eDe exemplu, suntem \u00een leg\u0103tur\u0103 cu cei care ne mul\u021bumesc pentru repatrierea lor, dar continu\u0103m s\u0103 monitoriz\u0103m \u0219i alte cazuri care nu sunt considerate prioritare\u201d, a ad\u0103ugat el.<\/p>\n<p>\u00cen ceea ce prive\u0219te distribu\u021bia geografic\u0103 a rom\u00e2nilor care solicit\u0103 asisten\u021b\u0103, \u021a\u0103rnea a men\u021bionat c\u0103 majoritatea se afl\u0103 \u00een Emiratele Arabe Unite. De asemenea, a subliniat c\u0103, \u00een prezent, nu mai exist\u0103 solicit\u0103ri din Israel pentru grupurile de copii care erau sub monitorizarea celulei de criz\u0103. Totu\u0219i, a avertizat c\u0103 situa\u021bia este \u00een continu\u0103 evolu\u021bie din cauza conflictelor, iar noi solicit\u0103ri ar putea ap\u0103rea oric\u00e2nd.<\/p>\n<p>Purt\u0103torul de cuv\u00e2nt a estimat num\u0103rul total al cererilor de repatriere, care include at\u00e2t cazurile prioritare, c\u00e2t \u0219i pe cele care nu sunt de urgen\u021b\u0103. \u201eAvem \u00een jur de 300 de solicit\u0103ri prioritare \u0219i \u00eentre 2.000 \u0219i 2.500 de alte cazuri. Totu\u0219i, nu pot oferi o cifr\u0103 exact\u0103, deoarece situa\u021bia este dinamic\u0103. Avioanele comerciale continu\u0103 s\u0103 opereze, iar mul\u021bi rom\u00e2ni reu\u0219esc s\u0103 se \u00eentoarc\u0103 prin propriile resurse\u201d, a explicat \u021a\u0103rnea.<\/p>\n<p>Referitor la cet\u0103\u021benii rom\u00e2ni bloca\u021bi \u00een diverse \u021b\u0103ri din Asia, precum Sri Lanka, Singapore, Thailanda, Malaezia sau Brunei, purt\u0103torul de cuv\u00e2nt a subliniat c\u0103 majoritatea sunt reziden\u021bi \u00een aceste \u021b\u0103ri \u0219i doar o mic\u0103 parte necesit\u0103 rerutare prin intermediul statului rom\u00e2n. \u201ePrioritatea noastr\u0103 r\u0103m\u00e2ne s\u0103 oferim asisten\u021b\u0103 celor care se afl\u0103 pe listele de urgen\u021b\u0103, \u00een special celor din zone de conflict sau cu dificult\u0103\u021bi semnificative \u00een a se deplasa\u201d, a declarat el.<\/p>\n<p>Ministerul Afacerilor Externe continu\u0103 s\u0103 deruleze procedurile opera\u021bionale pentru toate tipurile de zboruri, fie ele de repatriere asistat\u0103 sau evacuare, \u0219i va comunica detaliile privind zborurile de \u00eendat\u0103 ce acestea devin disponibile. \u201eNe dorim s\u0103 oferim asisten\u021b\u0103 rapid\u0103 \u0219i eficient\u0103, dar trebuie s\u0103 \u021binem cont de realitatea de pe teren: cet\u0103\u021benii sunt r\u0103sp\u00e2ndi\u021bi \u00een multe loca\u021bii, iar coordonarea cu partenerii europeni \u0219i cu companiile aeriene este esen\u021bial\u0103 pentru ca fiecare s\u0103 ajung\u0103 acas\u0103 \u00een siguran\u021b\u0103\u201d, a concluzionat Andrei \u021a\u0103rnea.<\/p>\n","protected":false},"excerpt":{"rendered":"<p>\u201eNum\u0103rul fluctueaz\u0103 zilnic, deoarece primim continuu noi solicit\u0103ri \u0219i afl\u0103m c\u0103 unii cet\u0103\u021beni au reu\u0219it deja s\u0103 plece cu zboruri comerciale. A\u0219adar, nu este o cifr\u0103 fix\u0103 \u00een acest moment\u201d, a declarat Andrei \u021a\u0103rnea, purt\u0103torul de cuv\u00e2nt al Ministerului Afacerilor Externe. Acesta a explicat c\u0103 informa\u021biile referitoare la rom\u00e2nii care se afl\u0103 \u00een situa\u021bii speciale [&hellip;]<\/p>\n","protected":false},"author":2,"featured_media":7409,"comment_status":"open","ping_status":"open","sticky":false,"template":"","format":"standard","meta":{"jnews-multi-image_gallery":[],"jnews_single_post":[],"jnews_primary_category":[],"jnews_override_counter":[],"footnotes":""},"categories":[39],"tags":[4944,5492,2179,359,10268,523,10269,8784],"class_list":["post-7408","post","type-post","status-publish","format-standard","has-post-thumbnail","hentry","category-stirile-zilei","tag-asistenta","tag-emiratele-arabe-unite","tag-evacuare","tag-ministerul-afacerilor-externe","tag-repatriere-asistata","tag-romani","tag-situatii-speciale","tag-zboruri-comerciale"],"_links":{"self":[{"href":"https:\/\/www.newsrecorder.ro\/app\/wp-json\/wp\/v2\/posts\/7408","targetHints":{"allow":["GET"]}}],"collection":[{"href":"https:\/\/www.newsrecorder.ro\/app\/wp-json\/wp\/v2\/posts"}],"about":[{"href":"https:\/\/www.newsrecorder.ro\/app\/wp-json\/wp\/v2\/types\/post"}],"author":[{"embeddable":true,"href":"https:\/\/www.newsrecorder.ro\/app\/wp-json\/wp\/v2\/users\/2"}],"replies":[{"embeddable":true,"href":"https:\/\/www.newsrecorder.ro\/app\/wp-json\/wp\/v2\/comments?post=7408"}],"version-history":[{"count":0,"href":"https:\/\/www.newsrecorder.ro\/app\/wp-json\/wp\/v2\/posts\/7408\/revisions"}],"wp:featuredmedia":[{"embeddable":true,"href":"https:\/\/www.newsrecorder.ro\/app\/wp-json\/wp\/v2\/media\/7409"}],"wp:attachment":[{"href":"https:\/\/www.newsrecorder.ro\/app\/wp-json\/wp\/v2\/media?parent=7408"}],"wp:term":[{"taxonomy":"category","embeddable":true,"href":"https:\/\/www.newsrecorder.ro\/app\/wp-json\/wp\/v2\/categories?post=7408"},{"taxonomy":"post_tag","embeddable":true,"href":"https:\/\/www.newsrecorder.ro\/app\/wp-json\/wp\/v2\/tags?post=7408"}],"curies":[{"name":"wp","href":"https:\/\/api.w.org\/{rel}","templated":true}]}}