{"id":7414,"date":"2026-03-09T11:44:44","date_gmt":"2026-03-09T11:44:44","guid":{"rendered":"https:\/\/www.newsrecorder.ro\/app\/2026\/03\/09\/mircea-abrudean-clarificari-esentiale-despre-avocatul-poporului-inainte-de-vot\/"},"modified":"2026-03-09T11:44:44","modified_gmt":"2026-03-09T11:44:44","slug":"mircea-abrudean-clarificari-esentiale-despre-avocatul-poporului-inainte-de-vot","status":"publish","type":"post","link":"https:\/\/www.newsrecorder.ro\/app\/2026\/03\/09\/mircea-abrudean-clarificari-esentiale-despre-avocatul-poporului-inainte-de-vot\/","title":{"rendered":"Mircea Abrudean: Clarific\u0103ri esen\u021biale despre Avocatul Poporului \u00eenainte de vot!"},"content":{"rendered":"<p>\u201eConsider c\u0103 este o discu\u021bie care \u021bine de coali\u021bie. A existat un acord anterior \u0219i sunt \u00eencrez\u0103tor c\u0103 nu vom ajunge \u00een situa\u021bia de a avea o lips\u0103 de coordonare \u00een plenul reunit, cel pu\u021bin la nivelul coali\u021biei. Aceasta este o pozi\u021bie esen\u021bial\u0103 pentru Rom\u00e2nia, care a fost discutat\u0103 \u0219i acceptat\u0103 de majoritatea parlamentar\u0103\u201d, a declarat Abrudean.<\/p>\n<p>\u00cen acest context, liderii PSD au anun\u021bat c\u0103 nu vor sus\u021bine actuala propunere pentru func\u021bia de Avocat al Poporului, de\u0219i nominalizarea revine, conform negocierilor din coali\u021bie, <strong>Uniunii Salva\u021bi Rom\u00e2nia<\/strong>.<\/p>\n<p>Social-democra\u021bii au subliniat c\u0103 accept\u0103 ca USR s\u0103 fac\u0103 nominalizarea, dar solicit\u0103 un alt candidat dec\u00e2t cei men\u021biona\u021bi p\u00e2n\u0103 acum, argument\u00e2nd c\u0103 persoana propus\u0103 nu ar trebui s\u0103 beneficieze de pensie special\u0103.<\/p>\n<p>Uniunea Salva\u021bi Rom\u00e2nia o sus\u021bine pe <strong>Roxana Rizoiu<\/strong> pentru aceast\u0103 func\u021bie.<\/p>\n<p>C\u00e2nd a fost \u00eentrebat ce s-ar \u00eent\u00e2mpla dac\u0103 <a href=\"https:\/\/www.mediafax.ro\/politic\/sorin-grindeanu-pune-conditii-usr-ului-fara-pensii-speciale-nu-trece-avocatul-poporului-23699552\">PSD<\/a> ar solicita oficial schimbarea candidatului, Abrudean a declarat c\u0103 decizia revine \u00een primul r\u00e2nd USR, dar o astfel de situa\u021bie ar putea complica procedura parlamentar\u0103.<\/p>\n<p>\u201eA fost stabilit un calendar cu termene pentru depunerea candidaturilor \u0219i audieri \u00een comisii. Dac\u0103 se schimb\u0103 propunerea, procedura devine mai complicat\u0103 \u0219i ar putea \u00eensemna c\u0103 m\u00e2ine nu s-ar mai putea discuta subiectul pe ordinea de zi a plenului reunit, a\u0219a cum a fost aprobat \u00een Birourile Permanente Reunite\u201d, a explicat pre\u0219edintele Senatului.<\/p>\n<p>Referitor la dreptul PSD de a solicita schimbarea candidatului, Abrudean a subliniat c\u0103 fiecare partid poate formula cereri, dar decizia final\u0103 apar\u021bine Parlamentului.<\/p>\n<p>\u201eFiecare are dreptul s\u0103 cear\u0103 ceea ce dore\u0219te. Ceea ce conteaz\u0103 cu adev\u0103rat este decizia final\u0103 \u0219i votul din Parlament\u201d, a afirmat el.<\/p>\n<p>Pre\u0219edintele Senatului a ad\u0103ugat c\u0103, din perspectiva <strong>Partidului Na\u021bional Liberal<\/strong>, nu au existat p\u00e2n\u0103 acum probleme legate de candidatura Roxanei Rizoiu.<\/p>\n<p>\u201eDac\u0103 \u00eendepline\u0219te condi\u021biile, va trece de audieri, va ajunge \u00een plen \u0219i va fi supus\u0103 la vot. Nu am discutat acest subiect \u00een detaliu, dar p\u00e2n\u0103 \u00een acest moment nu am observat vreo problem\u0103 din perspectiva noastr\u0103\u201d, a concluzionat Abrudean.<\/p>\n","protected":false},"excerpt":{"rendered":"<p>\u201eConsider c\u0103 este o discu\u021bie care \u021bine de coali\u021bie. A existat un acord anterior \u0219i sunt \u00eencrez\u0103tor c\u0103 nu vom ajunge \u00een situa\u021bia de a avea o lips\u0103 de coordonare \u00een plenul reunit, cel pu\u021bin la nivelul coali\u021biei. Aceasta este o pozi\u021bie esen\u021bial\u0103 pentru Rom\u00e2nia, care a fost discutat\u0103 \u0219i acceptat\u0103 de majoritatea parlamentar\u0103\u201d, a [&hellip;]<\/p>\n","protected":false},"author":2,"featured_media":7415,"comment_status":"open","ping_status":"open","sticky":false,"template":"","format":"standard","meta":{"jnews-multi-image_gallery":[],"jnews_single_post":[],"jnews_primary_category":[],"jnews_override_counter":[],"footnotes":""},"categories":[39],"tags":[2242,636,7139,7130,444,300,8471,2823],"class_list":["post-7414","post","type-post","status-publish","format-standard","has-post-thumbnail","hentry","category-stirile-zilei","tag-avocatul-poporului","tag-coalitie","tag-coordonare","tag-nominalizare","tag-parlament","tag-psd","tag-roxana-rizoiu","tag-usr"],"_links":{"self":[{"href":"https:\/\/www.newsrecorder.ro\/app\/wp-json\/wp\/v2\/posts\/7414","targetHints":{"allow":["GET"]}}],"collection":[{"href":"https:\/\/www.newsrecorder.ro\/app\/wp-json\/wp\/v2\/posts"}],"about":[{"href":"https:\/\/www.newsrecorder.ro\/app\/wp-json\/wp\/v2\/types\/post"}],"author":[{"embeddable":true,"href":"https:\/\/www.newsrecorder.ro\/app\/wp-json\/wp\/v2\/users\/2"}],"replies":[{"embeddable":true,"href":"https:\/\/www.newsrecorder.ro\/app\/wp-json\/wp\/v2\/comments?post=7414"}],"version-history":[{"count":0,"href":"https:\/\/www.newsrecorder.ro\/app\/wp-json\/wp\/v2\/posts\/7414\/revisions"}],"wp:featuredmedia":[{"embeddable":true,"href":"https:\/\/www.newsrecorder.ro\/app\/wp-json\/wp\/v2\/media\/7415"}],"wp:attachment":[{"href":"https:\/\/www.newsrecorder.ro\/app\/wp-json\/wp\/v2\/media?parent=7414"}],"wp:term":[{"taxonomy":"category","embeddable":true,"href":"https:\/\/www.newsrecorder.ro\/app\/wp-json\/wp\/v2\/categories?post=7414"},{"taxonomy":"post_tag","embeddable":true,"href":"https:\/\/www.newsrecorder.ro\/app\/wp-json\/wp\/v2\/tags?post=7414"}],"curies":[{"name":"wp","href":"https:\/\/api.w.org\/{rel}","templated":true}]}}