{"id":7428,"date":"2026-03-09T17:56:53","date_gmt":"2026-03-09T17:56:53","guid":{"rendered":"https:\/\/www.newsrecorder.ro\/app\/2026\/03\/09\/franz-ferdinand-denunta-armata-israeliana-pentru-utilizarea-neautorizata-a-melodiei-lor\/"},"modified":"2026-03-09T17:56:53","modified_gmt":"2026-03-09T17:56:53","slug":"franz-ferdinand-denunta-armata-israeliana-pentru-utilizarea-neautorizata-a-melodiei-lor","status":"publish","type":"post","link":"https:\/\/www.newsrecorder.ro\/app\/2026\/03\/09\/franz-ferdinand-denunta-armata-israeliana-pentru-utilizarea-neautorizata-a-melodiei-lor\/","title":{"rendered":"Franz Ferdinand denun\u021b\u0103 armata israelian\u0103 pentru utilizarea neautorizat\u0103 a melodiei lor!"},"content":{"rendered":"<p>Controversa a prins av\u00e2nt \u00een urma unei post\u0103ri a For\u021belor de Ap\u0103rare ale Israelului (IDF) pe re\u021belele sociale, unde a fost difuzat un videoclip \u00een care se aude, f\u0103r\u0103 acordul necesar, celebra melodie \u201eTake Me Out\u201d a trupei Franz Ferdinand, lansat\u0103 \u00een 2004. Detaliile acestui incident au fost prezentate de <a href=\"https:\/\/www.euronews.com\/culture\/2026\/03\/09\/franz-ferdinand-call-out-warmongering-murderers-idf-and-their-song-theft-in-propaganda-vid\" target=\"_blank\" rel=\"noopener\">Euronews<\/a>.<\/p>\n<p>\u00cen videoclip, melodia este acompaniat\u0103 de imagini cu avioane de lupt\u0103 \u0219i explozii, \u00een timp ce un militar israelian laud\u0103 atacurile aeriene desf\u0103\u0219urate de armat\u0103 \u00een cadrul unei opera\u021biuni \u00eempotriva Iranului. Postarea vine cu mesajul \u201eOperation Roaring Lion \u2013 this is how it\u2019s done\u201d.<\/p>\n<p>Solistul trupei, Alex Kapranos, a reac\u021bionat vehement pe Instagram, exprim\u00e2ndu-\u0219i indignarea fa\u021b\u0103 de utilizarea melodiei f\u0103r\u0103 consim\u021b\u0103m\u00e2ntul forma\u021biei. \u201eAce\u0219ti uciga\u0219i belico\u0219i folosesc muzica noastr\u0103 f\u0103r\u0103 consim\u021b\u0103m\u00e2ntul nostru. Ne face s\u0103 ne sim\u021bim dezgusta\u021bi \u0219i furio\u0219i\u201d, a declarat artistul, subliniind c\u0103 acest gest ilustreaz\u0103 \u201earogan\u021ba de a lua ceea ce nu le apar\u021bine\u201d.<\/p>\n<p>Mesajul lui Kapranos s-a r\u0103sp\u00e2ndit rapid pe platformele de socializare, intensific\u00e2nd dezbaterea referitoare la utilizarea muzicii arti\u0219tilor \u00een scopuri politice sau militare f\u0103r\u0103 a ob\u021bine acordul acestora.<\/p>\n<p>Aceasta nu este o situa\u021bie singular\u0103, ci un nou exemplu de utilizare neautorizat\u0103 a muzicii celebre \u00een contexte politice sau militare. Un alt artist, Antonio Romero Monge, compozitor al piesei \u201eMacarena\u201d, a criticat recent utilizarea melodiei sale \u00eentr-un <a href=\"https:\/\/www.mediafax.ro\/stirile-zilei\/trump-a-marcat-luna-istoriei-negre-la-casa-alba-dupa-scandalul-clipului-rasist-cu-familia-obama-23689407\" target=\"_blank\" rel=\"noopener\">videoclip distribuit de Casa Alb\u0103<\/a>, care ilustra bombardamentele din opera\u021biunea militar\u0103 \u00eempotriva Iranului.<\/p>\n<p>Romero a m\u0103rturisit c\u0103 a resim\u021bit \u201eun disconfort profund\u201d dup\u0103 ce imaginile au devenit virale, subliniind impactul emo\u021bional \u0219i etic al folosirii muzicii f\u0103r\u0103 consim\u021b\u0103m\u00e2ntul creatorilor s\u0103i.<\/p>\n","protected":false},"excerpt":{"rendered":"<p>Controversa a prins av\u00e2nt \u00een urma unei post\u0103ri a For\u021belor de Ap\u0103rare ale Israelului (IDF) pe re\u021belele sociale, unde a fost difuzat un videoclip \u00een care se aude, f\u0103r\u0103 acordul necesar, celebra melodie \u201eTake Me Out\u201d a trupei Franz Ferdinand, lansat\u0103 \u00een 2004. Detaliile acestui incident au fost prezentate de Euronews. \u00cen videoclip, melodia este [&hellip;]<\/p>\n","protected":false},"author":7,"featured_media":7429,"comment_status":"open","ping_status":"open","sticky":false,"template":"","format":"standard","meta":{"jnews-multi-image_gallery":[],"jnews_single_post":[],"jnews_primary_category":[],"jnews_override_counter":[],"footnotes":""},"categories":[43],"tags":[2725,1874,10298,10299,10301,268,271,10300],"class_list":["post-7428","post","type-post","status-publish","format-standard","has-post-thumbnail","hentry","category-cultura","tag-consimtamant","tag-controversa","tag-fortele-de-aparare","tag-franz-ferdinand","tag-indignare","tag-israel","tag-muzica","tag-operatiune"],"_links":{"self":[{"href":"https:\/\/www.newsrecorder.ro\/app\/wp-json\/wp\/v2\/posts\/7428","targetHints":{"allow":["GET"]}}],"collection":[{"href":"https:\/\/www.newsrecorder.ro\/app\/wp-json\/wp\/v2\/posts"}],"about":[{"href":"https:\/\/www.newsrecorder.ro\/app\/wp-json\/wp\/v2\/types\/post"}],"author":[{"embeddable":true,"href":"https:\/\/www.newsrecorder.ro\/app\/wp-json\/wp\/v2\/users\/7"}],"replies":[{"embeddable":true,"href":"https:\/\/www.newsrecorder.ro\/app\/wp-json\/wp\/v2\/comments?post=7428"}],"version-history":[{"count":0,"href":"https:\/\/www.newsrecorder.ro\/app\/wp-json\/wp\/v2\/posts\/7428\/revisions"}],"wp:featuredmedia":[{"embeddable":true,"href":"https:\/\/www.newsrecorder.ro\/app\/wp-json\/wp\/v2\/media\/7429"}],"wp:attachment":[{"href":"https:\/\/www.newsrecorder.ro\/app\/wp-json\/wp\/v2\/media?parent=7428"}],"wp:term":[{"taxonomy":"category","embeddable":true,"href":"https:\/\/www.newsrecorder.ro\/app\/wp-json\/wp\/v2\/categories?post=7428"},{"taxonomy":"post_tag","embeddable":true,"href":"https:\/\/www.newsrecorder.ro\/app\/wp-json\/wp\/v2\/tags?post=7428"}],"curies":[{"name":"wp","href":"https:\/\/api.w.org\/{rel}","templated":true}]}}