{"id":743,"date":"2026-01-27T22:43:13","date_gmt":"2026-01-27T22:43:13","guid":{"rendered":"https:\/\/www.newsrecorder.ro\/app\/2026\/01\/27\/crin-antonescu-rusinea-fata-de-conducerea-lui-macron-asupra-lui-nicusor-dan\/"},"modified":"2026-01-27T22:43:13","modified_gmt":"2026-01-27T22:43:13","slug":"crin-antonescu-rusinea-fata-de-conducerea-lui-macron-asupra-lui-nicusor-dan","status":"publish","type":"post","link":"https:\/\/www.newsrecorder.ro\/app\/2026\/01\/27\/crin-antonescu-rusinea-fata-de-conducerea-lui-macron-asupra-lui-nicusor-dan\/","title":{"rendered":"Crin Antonescu: Ru\u0219inea fa\u021b\u0103 de conducerea lui Macron asupra lui Nicu\u0219or Dan"},"content":{"rendered":"<p>Crin Antonescu, fost lider al Partidului Na\u021bional Liberal, a exprimat recent \u00eengrijor\u0103ri cu privire la modul \u00een care Rom\u00e2nia este reprezentat\u0103 pe scena interna\u021bional\u0103, afirm\u00e2nd c\u0103 ne afl\u0103m \u00eentr-un moment critic. Antonescu a subliniat c\u0103 imaginea pre\u0219edintelui \u00een \u00eent\u00e2lnirile cu liderii europeni denot\u0103 o capitulare diplomatic\u0103, accentu\u00e2nd c\u0103 nu este vorba despre for\u021b\u0103 politic\u0103 sau impunerea de condi\u021bii, ci despre necesitatea unei prezen\u021be active \u00een discu\u021biile de decizie.<\/p>\n<p>\u00cen compara\u021bie cu alte state din regiune, Antonescu a observat c\u0103 liderii acestor \u021b\u0103ri sunt mult mai vizibili \u0219i vocali \u00een dezbaterile europene, \u00een timp ce Rom\u00e2nia pare s\u0103 fie absent\u0103 din centrul aten\u021biei. \u201e\u00cempreun\u0103 cu Macron, modul \u00een care se d\u0103 deoparte al nostru, Nicu\u0219or Dan, \u0219i e condus\u2026 sunt lucruri \u00eentr-adev\u0103r simbolice \u0219i de care \u021bi-e ru\u0219ine. Dar \u0219i mai ru\u0219ine mi-e de faptul c\u0103 nu am chiar nimic de spus. Eu, ca rom\u00e2n, n-am nimic de spus. Nu-i vorba de a bate cu pumnul \u00een mas\u0103, nu-i vorba de a impune reguli cuiva. E vorba s\u0103 deschizi gura \u0219i s\u0103 ar\u0103\u021bi c\u0103 exi\u0219ti\u201d, a declarat Antonescu.<\/p>\n<p>Antonescu a subliniat importan\u021ba vocii unor \u021b\u0103ri precum Finlanda \u0219i Polonia, care reu\u0219esc s\u0103 se fac\u0103 auzite constant \u00een negocierile interna\u021bionale, indiferent de popularitatea pozi\u021biilor lor. \u201eUita\u021bi-v\u0103 la pre\u0219edintele Finlandei. Nu mai vorbim de Polonia \u0219i de al\u021bii. Sunt acolo oamenii. Po\u021bi fi de acord cu ei sau nu, \u00eei lauzi, \u00eei \u00eenjuri, dar sunt acolo\u201d, a ad\u0103ugat el.<\/p>\n<p>\u00cen cadrul interviului, Antonescu a mers mai departe, afirm\u00e2nd c\u0103 problema reprezent\u0103rii Rom\u00e2niei nu este una de adaptare sau de \u00eenv\u0103\u021bare a func\u021biei, ci una structural\u0103, pe care o consider\u0103 f\u0103r\u0103 solu\u021bie. \u201ePre\u0219edintele este primul chemat, primul obligat s\u0103 exprime Rom\u00e2nia \u00een plan interna\u021bional \u0219i este profund \u0219i definitiv incapabil. Nu se face ucenicie la Cotroceni, mai ales \u00een vremurile astea. Din punctul meu de vedere, lucrurile sunt ireparabile\u201d, a continuat el.<\/p>\n<p>Fostul candidat la alegerile preziden\u021biale a fost ferm atunci c\u00e2nd a fost \u00eentrebat despre posibilit\u0103\u021bile de corectare a acestei situa\u021bii, subliniind c\u0103 actualul \u0219ef al statului nu poate deveni un lider credibil pe plan interna\u021bional. \u201eNu v\u0103d cine \u0219i cum ar putea s\u0103-l fac\u0103 pe Nicu\u0219or Dan s\u0103 \u0219tie \u0219i s\u0103 spun\u0103 ceva \u00een politica extern\u0103 sau despre aceast\u0103 \u021bar\u0103. Sunt ireparabile\u201d, a concluzionat Antonescu.<\/p>\n","protected":false},"excerpt":{"rendered":"<p>Crin Antonescu, fost lider al Partidului Na\u021bional Liberal, a exprimat recent \u00eengrijor\u0103ri cu privire la modul \u00een care Rom\u00e2nia este reprezentat\u0103 pe scena interna\u021bional\u0103, afirm\u00e2nd c\u0103 ne afl\u0103m \u00eentr-un moment critic. Antonescu a subliniat c\u0103 imaginea pre\u0219edintelui \u00een \u00eent\u00e2lnirile cu liderii europeni denot\u0103 o capitulare diplomatic\u0103, accentu\u00e2nd c\u0103 nu este vorba despre for\u021b\u0103 politic\u0103 sau [&hellip;]<\/p>\n","protected":false},"author":2,"featured_media":744,"comment_status":"open","ping_status":"open","sticky":false,"template":"","format":"standard","meta":{"jnews-multi-image_gallery":[],"jnews_single_post":[],"jnews_primary_category":[],"jnews_override_counter":[],"footnotes":""},"categories":[42],"tags":[1335,1332,1337,1336,1333,1334,149,851],"class_list":["post-743","post","type-post","status-publish","format-standard","has-post-thumbnail","hentry","category-politica","tag-capitulare-diplomatica","tag-crin-antonescu","tag-dezbateri-europene","tag-lideri-europeni","tag-partidul-national-liberal","tag-reprezentare-internationala","tag-romania","tag-vizibilitate"],"_links":{"self":[{"href":"https:\/\/www.newsrecorder.ro\/app\/wp-json\/wp\/v2\/posts\/743","targetHints":{"allow":["GET"]}}],"collection":[{"href":"https:\/\/www.newsrecorder.ro\/app\/wp-json\/wp\/v2\/posts"}],"about":[{"href":"https:\/\/www.newsrecorder.ro\/app\/wp-json\/wp\/v2\/types\/post"}],"author":[{"embeddable":true,"href":"https:\/\/www.newsrecorder.ro\/app\/wp-json\/wp\/v2\/users\/2"}],"replies":[{"embeddable":true,"href":"https:\/\/www.newsrecorder.ro\/app\/wp-json\/wp\/v2\/comments?post=743"}],"version-history":[{"count":0,"href":"https:\/\/www.newsrecorder.ro\/app\/wp-json\/wp\/v2\/posts\/743\/revisions"}],"wp:featuredmedia":[{"embeddable":true,"href":"https:\/\/www.newsrecorder.ro\/app\/wp-json\/wp\/v2\/media\/744"}],"wp:attachment":[{"href":"https:\/\/www.newsrecorder.ro\/app\/wp-json\/wp\/v2\/media?parent=743"}],"wp:term":[{"taxonomy":"category","embeddable":true,"href":"https:\/\/www.newsrecorder.ro\/app\/wp-json\/wp\/v2\/categories?post=743"},{"taxonomy":"post_tag","embeddable":true,"href":"https:\/\/www.newsrecorder.ro\/app\/wp-json\/wp\/v2\/tags?post=743"}],"curies":[{"name":"wp","href":"https:\/\/api.w.org\/{rel}","templated":true}]}}