{"id":7436,"date":"2026-03-09T17:58:39","date_gmt":"2026-03-09T17:58:39","guid":{"rendered":"https:\/\/www.newsrecorder.ro\/app\/2026\/03\/09\/nicusor-dan-si-antonio-costa-prioritatile-romaniei-inainte-de-summitul-ue\/"},"modified":"2026-03-09T17:58:39","modified_gmt":"2026-03-09T17:58:39","slug":"nicusor-dan-si-antonio-costa-prioritatile-romaniei-inainte-de-summitul-ue","status":"publish","type":"post","link":"https:\/\/www.newsrecorder.ro\/app\/2026\/03\/09\/nicusor-dan-si-antonio-costa-prioritatile-romaniei-inainte-de-summitul-ue\/","title":{"rendered":"Nicu\u0219or Dan \u0219i Antonio Costa: Priorit\u0103\u021bile Rom\u00e2niei \u00eenainte de summitul UE"},"content":{"rendered":"<p>Discu\u021bia telefonic\u0103 recent\u0103 dintre Nicu\u0219or Dan \u0219i pre\u0219edintele Costa a abordat subiecte esen\u021biale legate de competitivitate, Pia\u021ba Unic\u0103, tranzi\u021bia c\u0103tre energia verde, bugetul Uniunii Europene \u0219i revitalizarea industriei europene.<\/p>\n<p>Nicu\u0219or Dan a subliniat importan\u021ba unei Pie\u021be Unice complet integrate \u0219i a propus o simplificare semnificativ\u0103 a birocra\u021biei \u0219i a poverii administrative. El a eviden\u021biat c\u0103, din perspectiva Rom\u00e2niei, capitolul energiei este deosebit de crucial, mai ales \u00een contextul actualului conflict din Orientul Mijlociu, care subliniaz\u0103 necesitatea reducerii dependen\u021bei Uniunii Europene de importurile de combustibili fosili. \u201eNe dorim ca tranzi\u021bia c\u0103tre energia verde s\u0103 fie realizat\u0103 \u00eentr-un ritm \u0219i cadru care s\u0103 nu compromit\u0103 competitivitatea companiilor europene \u0219i rom\u00e2ne\u0219ti\u201d, a declarat pre\u0219edintele Rom\u00e2niei pe re\u021belele sociale.<\/p>\n<p>\u00cen cadrul conversa\u021biei, cei doi lideri au discutat \u0219i despre viitorul cadru bugetar european. Nicu\u0219or Dan a subliniat c\u0103, de\u0219i dezbaterile vor continua, perspectivele Rom\u00e2niei trebuie s\u0103 fie clar articulate. \u201eBugetul Uniunii Europene trebuie s\u0103 aloce fonduri semnificative pentru a sprijini cre\u0219terea competitivit\u0103\u021bii, mai ales \u00een r\u00e2ndul statelor estice, inclusiv Rom\u00e2nia, care se confrunt\u0103 cu un decalaj istoric \u00een raport cu nivelul de dezvoltare al altor state membre\u201d, a ad\u0103ugat el. De asemenea, el a salutat orientarea deciziilor europene c\u0103tre stimularea competitivit\u0103\u021bii \u0219i investi\u021biile necesare pentru a asigura un sistem energetic capabil s\u0103 fac\u0103 fa\u021b\u0103 \u0219ocurilor externe.<\/p>\n","protected":false},"excerpt":{"rendered":"<p>Discu\u021bia telefonic\u0103 recent\u0103 dintre Nicu\u0219or Dan \u0219i pre\u0219edintele Costa a abordat subiecte esen\u021biale legate de competitivitate, Pia\u021ba Unic\u0103, tranzi\u021bia c\u0103tre energia verde, bugetul Uniunii Europene \u0219i revitalizarea industriei europene. Nicu\u0219or Dan a subliniat importan\u021ba unei Pie\u021be Unice complet integrate \u0219i a propus o simplificare semnificativ\u0103 a birocra\u021biei \u0219i a poverii administrative. El a eviden\u021biat c\u0103, [&hellip;]<\/p>\n","protected":false},"author":2,"featured_media":7437,"comment_status":"open","ping_status":"open","sticky":false,"template":"","format":"standard","meta":{"jnews-multi-image_gallery":[],"jnews_single_post":[],"jnews_primary_category":[],"jnews_override_counter":[],"footnotes":""},"categories":[42],"tags":[3891,10313,513,2897,3998,286,4281,10312],"class_list":["post-7436","post","type-post","status-publish","format-standard","has-post-thumbnail","hentry","category-politica","tag-birocratie","tag-bugetul-uniunii-europene","tag-competitivitate","tag-energie-verde","tag-industrie-europeana","tag-nicusor-dan","tag-piata-unica","tag-presedintele-costa"],"_links":{"self":[{"href":"https:\/\/www.newsrecorder.ro\/app\/wp-json\/wp\/v2\/posts\/7436","targetHints":{"allow":["GET"]}}],"collection":[{"href":"https:\/\/www.newsrecorder.ro\/app\/wp-json\/wp\/v2\/posts"}],"about":[{"href":"https:\/\/www.newsrecorder.ro\/app\/wp-json\/wp\/v2\/types\/post"}],"author":[{"embeddable":true,"href":"https:\/\/www.newsrecorder.ro\/app\/wp-json\/wp\/v2\/users\/2"}],"replies":[{"embeddable":true,"href":"https:\/\/www.newsrecorder.ro\/app\/wp-json\/wp\/v2\/comments?post=7436"}],"version-history":[{"count":0,"href":"https:\/\/www.newsrecorder.ro\/app\/wp-json\/wp\/v2\/posts\/7436\/revisions"}],"wp:featuredmedia":[{"embeddable":true,"href":"https:\/\/www.newsrecorder.ro\/app\/wp-json\/wp\/v2\/media\/7437"}],"wp:attachment":[{"href":"https:\/\/www.newsrecorder.ro\/app\/wp-json\/wp\/v2\/media?parent=7436"}],"wp:term":[{"taxonomy":"category","embeddable":true,"href":"https:\/\/www.newsrecorder.ro\/app\/wp-json\/wp\/v2\/categories?post=7436"},{"taxonomy":"post_tag","embeddable":true,"href":"https:\/\/www.newsrecorder.ro\/app\/wp-json\/wp\/v2\/tags?post=7436"}],"curies":[{"name":"wp","href":"https:\/\/api.w.org\/{rel}","templated":true}]}}