{"id":7438,"date":"2026-03-09T17:59:06","date_gmt":"2026-03-09T17:59:06","guid":{"rendered":"https:\/\/www.newsrecorder.ro\/app\/2026\/03\/09\/ciucu-lanseaza-proiecte-comune-cu-primarii-de-sector-intalniri-administrative\/"},"modified":"2026-03-09T17:59:06","modified_gmt":"2026-03-09T17:59:06","slug":"ciucu-lanseaza-proiecte-comune-cu-primarii-de-sector-intalniri-administrative","status":"publish","type":"post","link":"https:\/\/www.newsrecorder.ro\/app\/2026\/03\/09\/ciucu-lanseaza-proiecte-comune-cu-primarii-de-sector-intalniri-administrative\/","title":{"rendered":"Ciucu lanseaz\u0103 proiecte comune cu primarii de sector: \u00cent\u00e2lniri administrative!"},"content":{"rendered":"<p>Primarul general al Bucure\u0219tiului, Ciprian Ciucu, a invitat primarii sectoarelor pentru a discuta despre priorit\u0103\u021bile administrative \u0219i pentru a colabora \u00een vederea debloc\u0103rii \u0219i g\u00e2ndirii unor proiecte importante pentru capital\u0103. \u00centr-o postare pe Facebook, Ciucu a subliniat: \u201eTratez aceste \u00eent\u00e2lniri strict administrativ \u0219i nu politic. Sunt primarul tuturor bucure\u0219tenilor \u0219i nu doar al unui partid.\u201d<\/p>\n<p>S\u0103pt\u0103m\u00e2na aceasta, Ciucu a \u00eenceput \u00eent\u00e2lnirile cu primarii sectorului 1, 2 \u0219i 3. Prima discu\u021bie a avut loc cu George Cristian Tu\u021b\u0103, primarul Sectorului 1, \u0219i a fost descris\u0103 de Ciucu ca av\u00e2nd \u201eo agend\u0103 plin\u0103\u201d de subiecte importante.<\/p>\n<p>\u00cen cadrul \u00eent\u00e2lnirii, primarul general a anun\u021bat c\u0103, \u00eempreun\u0103 cu edilul Sectorului 1, au convenit asupra mai multor proiecte care urmeaz\u0103 s\u0103 fie implementate \u00een acest an \u0219i \u00een anul urm\u0103tor, cele mai complexe dintre ele fiind planificate pentru finalizare \u00een 2026.<\/p>\n<p>Unul dintre proiectele majore vizeaz\u0103 zona Palatului \u0219i a S\u0103lii Palatului, unde Prim\u0103ria Municipiului Bucure\u0219ti va organiza un concurs de solu\u021bii pentru realizarea unui Plan Urbanistic Zonal (PUZ), av\u00e2nd ca scop regenerarea urban\u0103 a \u00eentregii zone. P\u00e2n\u0103 la demararea efectiv\u0103 a proiectului, \u00eentre\u021binerea zonei va fi asigurat\u0103 de Sectorul 1, av\u00e2nd \u00een vedere c\u0103 Administra\u021bia Lacuri, Parcuri \u0219i Agrement Bucure\u0219ti nu mai dispune de muncitori proprii \u0219i se confrunt\u0103 cu datorii semnificative c\u0103tre subcontractori.<\/p>\n<p>Pe l\u00e2ng\u0103 acest proiect, Ciucu a anun\u021bat reluarea reamenaj\u0103rii str\u0103zii Brezoianu \u0219i un alt proiect de reconfigurare a pia\u021betei Iosif Sava, care va fi transformat\u0103 dintr-o zon\u0103 dominat\u0103 de trafic auto \u00eentr-un spa\u021biu destinat pietonilor.<\/p>\n<p>Un alt proiect comun propus de primari vizeaz\u0103 pietonalizarea str\u0103zii dintre Biserica Amzei \u0219i Pia\u021ba Amzei, care va fi supus\u0103 dezbaterii publice. De asemenea, se are \u00een vedere amenajarea unei parc\u0103ri publice cu arbori la intersec\u021bia str\u0103zii Buze\u0219ti cu Calea Grivi\u021bei, proiect ce va fi realizat de Sectorul 1 \u00een colaborare cu Prim\u0103ria Capitalei.<\/p>\n<p>Ciucu a mai men\u021bionat un proiect ambi\u021bios de transformare a terenului de la intersec\u021bia str\u0103zilor Berzei \u0219i G\u0103rii de Nord \u00eentr-un spa\u021biu verde multifunc\u021bional. Acest proiect va necesita exproprieri care vor fi gestionate de Prim\u0103ria Capitalei, \u00een timp ce Sectorul 1 va contribui financiar.<\/p>\n<p>Pe lista ini\u021biativelor comune se afl\u0103 \u0219i amenajarea parc\u0103rilor de pe strada G\u0103rii de Nord \u0219i de pe Calea Grivi\u021bei, inclusiv zona de sub Podul Basarab. De asemenea, se inten\u021bioneaz\u0103 pietonalizarea zonei din jurul Universit\u0103\u021bii de Arhitectur\u0103 \u0219i Urbanism Ion Mincu, de la strada Academiei p\u00e2n\u0103 la f\u00e2nt\u00e2na de la Universitate, unde studen\u021bii vor fi invita\u021bi s\u0103 participe la un concurs de idei, iar solu\u021bia c\u00e2\u0219tig\u0103toare va fi implementat\u0103 de cele dou\u0103 prim\u0103rii.<\/p>\n<p>\u00cen plus, primarul general a men\u021bionat sistematizarea str\u0103zii Academiei, conform Planului Integrat de Dezvoltare Urban\u0103 al Bucure\u0219tiului.<\/p>\n<p>Urm\u0103toarele \u00eent\u00e2lniri ale primarului general sunt programate cu Rare\u0219 Hopinc\u0103, primarul Sectorului 2, \u0219i cu Robert Negoi\u021b\u0103, primarul Sectorului 3, iar s\u0103pt\u0103m\u00e2na viitoare sunt planificate discu\u021bii similare cu primarii sectoarelor 4, 5 \u0219i 6.<\/p>\n<p>\u201e\u00cencerc s\u0103 maximiz\u0103m efortul nostru cumulat. Sunt dator ca m\u0103car s\u0103 \u00eencerc,\u201d a concluzionat primarul general.<\/p>\n","protected":false},"excerpt":{"rendered":"<p>Primarul general al Bucure\u0219tiului, Ciprian Ciucu, a invitat primarii sectoarelor pentru a discuta despre priorit\u0103\u021bile administrative \u0219i pentru a colabora \u00een vederea debloc\u0103rii \u0219i g\u00e2ndirii unor proiecte importante pentru capital\u0103. \u00centr-o postare pe Facebook, Ciucu a subliniat: \u201eTratez aceste \u00eent\u00e2lniri strict administrativ \u0219i nu politic. Sunt primarul tuturor bucure\u0219tenilor \u0219i nu doar al unui partid.\u201d [&hellip;]<\/p>\n","protected":false},"author":2,"featured_media":7439,"comment_status":"open","ping_status":"open","sticky":false,"template":"","format":"standard","meta":{"jnews-multi-image_gallery":[],"jnews_single_post":[],"jnews_primary_category":[],"jnews_override_counter":[],"footnotes":""},"categories":[42],"tags":[1360,362,1044,297,4417,5714,8048,6789],"class_list":["post-7438","post","type-post","status-publish","format-standard","has-post-thumbnail","hentry","category-politica","tag-administratie","tag-bucuresti","tag-ciprian-ciucu","tag-colaborare","tag-intalniri","tag-primar-general","tag-proiecte-importante","tag-sectoare"],"_links":{"self":[{"href":"https:\/\/www.newsrecorder.ro\/app\/wp-json\/wp\/v2\/posts\/7438","targetHints":{"allow":["GET"]}}],"collection":[{"href":"https:\/\/www.newsrecorder.ro\/app\/wp-json\/wp\/v2\/posts"}],"about":[{"href":"https:\/\/www.newsrecorder.ro\/app\/wp-json\/wp\/v2\/types\/post"}],"author":[{"embeddable":true,"href":"https:\/\/www.newsrecorder.ro\/app\/wp-json\/wp\/v2\/users\/2"}],"replies":[{"embeddable":true,"href":"https:\/\/www.newsrecorder.ro\/app\/wp-json\/wp\/v2\/comments?post=7438"}],"version-history":[{"count":0,"href":"https:\/\/www.newsrecorder.ro\/app\/wp-json\/wp\/v2\/posts\/7438\/revisions"}],"wp:featuredmedia":[{"embeddable":true,"href":"https:\/\/www.newsrecorder.ro\/app\/wp-json\/wp\/v2\/media\/7439"}],"wp:attachment":[{"href":"https:\/\/www.newsrecorder.ro\/app\/wp-json\/wp\/v2\/media?parent=7438"}],"wp:term":[{"taxonomy":"category","embeddable":true,"href":"https:\/\/www.newsrecorder.ro\/app\/wp-json\/wp\/v2\/categories?post=7438"},{"taxonomy":"post_tag","embeddable":true,"href":"https:\/\/www.newsrecorder.ro\/app\/wp-json\/wp\/v2\/tags?post=7438"}],"curies":[{"name":"wp","href":"https:\/\/api.w.org\/{rel}","templated":true}]}}