{"id":7442,"date":"2026-03-09T17:59:43","date_gmt":"2026-03-09T17:59:43","guid":{"rendered":"https:\/\/www.newsrecorder.ro\/app\/2026\/03\/09\/conflicte-in-coalitie-grindeanu-vrea-control-pe-repatrierea-romanilor\/"},"modified":"2026-03-09T17:59:43","modified_gmt":"2026-03-09T17:59:43","slug":"conflicte-in-coalitie-grindeanu-vrea-control-pe-repatrierea-romanilor","status":"publish","type":"post","link":"https:\/\/www.newsrecorder.ro\/app\/2026\/03\/09\/conflicte-in-coalitie-grindeanu-vrea-control-pe-repatrierea-romanilor\/","title":{"rendered":"Conflicte \u00een coali\u021bie: Grindeanu vrea control pe repatrierea rom\u00e2nilor!"},"content":{"rendered":"<p>Vicepremierul Sorin Grindeanu a subliniat importan\u021ba clarific\u0103rii rapide a gestion\u0103rii procesului de repatriere a rom\u00e2nilor din Orientul Mijlociu, afirm\u00e2nd c\u0103 acest aspect este crucial pentru credibilitatea Guvernului. \u00cen acest sens, el i-a propus premierului Ilie Bolojan s\u0103 dispun\u0103 trimiterea Corpului de Control la Ministerul Afacerilor Externe (MAE).<\/p>\n<p>\u201eConsider c\u0103 este imperios necesar s\u0103 clarific\u0103m urgent situa\u021bia repatrierii rom\u00e2nilor din Orientul Mijlociu. Aceasta este o problem\u0103 de credibilitate a Guvernului. De aceea, \u00eei propun premierului s\u0103 trimit\u0103 Corpul de Control la MAE. Rom\u00e2nii au dreptul s\u0103 cunoasc\u0103 adev\u0103rul, iar acest lucru este esen\u021bial pentru s\u0103n\u0103tatea noastr\u0103 moral\u0103 ca societate\u201d, a declarat Grindeanu, conform surselor citate.<\/p>\n<p>\u00cen ciuda celor afirmate de Grindeanu, premierul Ilie Bolojan a respins propunerea, sus\u021bin\u00e2nd c\u0103 \u201enu este momentul\u201d pentru o astfel de verificare.<\/p>\n<p>Discu\u021bia a fost amplificat\u0103 de interven\u021bia liderului USR, Dominic Fritz, care a men\u021bionat c\u0103 ministrul de Externe, Oana \u021aoiu, este dispus\u0103 s\u0103 ofere explica\u021bii publice. \u201eDoamna \u021aoiu nu se fere\u0219te de explica\u021bii\u201d, a afirmat Fritz.<\/p>\n<p>\u00cen replic\u0103, Grindeanu a exprimat \u00eengrijorarea c\u0103 subiectul ar putea fi \u201e\u00eengropat\u201d, ad\u0103ug\u00e2nd c\u0103, indiferent de decizie, ministrul de Externe va fi audiat \u00een Parlament.<\/p>\n<p>Liderul UDMR, Kelemen Hunor, a considerat c\u0103 explica\u021biile furnizate de ministrul de Externe \u00eentr-o conferin\u021b\u0103 de pres\u0103 anterioar\u0103 au fost \u201eneconving\u0103toare\u201d \u0219i a subliniat necesitatea unor clarific\u0103ri suplimentare.<\/p>\n<p>Cu toate acestea, Dominic Fritz a argumentat c\u0103 momentul nu este potrivit pentru o astfel de dezbatere. \u201eNu mi se pare corect s\u0103 st\u0103m acum s\u0103 facem asta. Nu acum\u201d, a spus el.<\/p>\n<p>\u00centrebat c\u00e2nd ar trebui discutat subiectul, Fritz a r\u0103spuns: \u201eAcum este r\u0103zboi\u201d.<\/p>\n<p>Grindeanu a insistat c\u0103 tocmai contextul actual impune verific\u0103ri suplimentare. Potrivit surselor, el a afirmat c\u0103 este esen\u021bial s\u0103 se garanteze c\u0103 nu exist\u0103 abuzuri \u00een procesul de repatriere \u0219i c\u0103 to\u021bi cet\u0103\u021benii rom\u00e2ni sunt trata\u021bi \u00een mod egal.<\/p>\n<p>\u201eAceast\u0103 situa\u021bie nu trebuie l\u0103sat\u0103 a\u0219a. Am \u00een\u021beles, dori\u021bi s\u0103 o \u00eengropa\u021bi. V\u0103 promit c\u0103 eu nu voi l\u0103sa lucrurile a\u0219a\u201d, a concluzionat Grindeanu, eviden\u021biind gravitatea temei discutate.<\/p>\n","protected":false},"excerpt":{"rendered":"<p>Vicepremierul Sorin Grindeanu a subliniat importan\u021ba clarific\u0103rii rapide a gestion\u0103rii procesului de repatriere a rom\u00e2nilor din Orientul Mijlociu, afirm\u00e2nd c\u0103 acest aspect este crucial pentru credibilitatea Guvernului. \u00cen acest sens, el i-a propus premierului Ilie Bolojan s\u0103 dispun\u0103 trimiterea Corpului de Control la Ministerul Afacerilor Externe (MAE). \u201eConsider c\u0103 este imperios necesar s\u0103 clarific\u0103m urgent [&hellip;]<\/p>\n","protected":false},"author":2,"featured_media":7443,"comment_status":"open","ping_status":"open","sticky":false,"template":"","format":"standard","meta":{"jnews-multi-image_gallery":[],"jnews_single_post":[],"jnews_primary_category":[],"jnews_override_counter":[],"footnotes":""},"categories":[42],"tags":[10316,4467,301,302,359,2211,10315,637],"class_list":["post-7442","post","type-post","status-publish","format-standard","has-post-thumbnail","hentry","category-politica","tag-corp-de-control","tag-credibilitate","tag-guvern","tag-ilie-bolojan","tag-ministerul-afacerilor-externe","tag-orientul-mijlociu","tag-repatriere-romani","tag-sorin-grindeanu"],"_links":{"self":[{"href":"https:\/\/www.newsrecorder.ro\/app\/wp-json\/wp\/v2\/posts\/7442","targetHints":{"allow":["GET"]}}],"collection":[{"href":"https:\/\/www.newsrecorder.ro\/app\/wp-json\/wp\/v2\/posts"}],"about":[{"href":"https:\/\/www.newsrecorder.ro\/app\/wp-json\/wp\/v2\/types\/post"}],"author":[{"embeddable":true,"href":"https:\/\/www.newsrecorder.ro\/app\/wp-json\/wp\/v2\/users\/2"}],"replies":[{"embeddable":true,"href":"https:\/\/www.newsrecorder.ro\/app\/wp-json\/wp\/v2\/comments?post=7442"}],"version-history":[{"count":0,"href":"https:\/\/www.newsrecorder.ro\/app\/wp-json\/wp\/v2\/posts\/7442\/revisions"}],"wp:featuredmedia":[{"embeddable":true,"href":"https:\/\/www.newsrecorder.ro\/app\/wp-json\/wp\/v2\/media\/7443"}],"wp:attachment":[{"href":"https:\/\/www.newsrecorder.ro\/app\/wp-json\/wp\/v2\/media?parent=7442"}],"wp:term":[{"taxonomy":"category","embeddable":true,"href":"https:\/\/www.newsrecorder.ro\/app\/wp-json\/wp\/v2\/categories?post=7442"},{"taxonomy":"post_tag","embeddable":true,"href":"https:\/\/www.newsrecorder.ro\/app\/wp-json\/wp\/v2\/tags?post=7442"}],"curies":[{"name":"wp","href":"https:\/\/api.w.org\/{rel}","templated":true}]}}