{"id":7448,"date":"2026-03-09T18:08:51","date_gmt":"2026-03-09T18:08:51","guid":{"rendered":"https:\/\/www.newsrecorder.ro\/app\/2026\/03\/09\/aur-ministerul-de-externe-in-colaps-in-repatrierea-romanilor-din-golful\/"},"modified":"2026-03-09T18:08:51","modified_gmt":"2026-03-09T18:08:51","slug":"aur-ministerul-de-externe-in-colaps-in-repatrierea-romanilor-din-golful","status":"publish","type":"post","link":"https:\/\/www.newsrecorder.ro\/app\/2026\/03\/09\/aur-ministerul-de-externe-in-colaps-in-repatrierea-romanilor-din-golful\/","title":{"rendered":"AUR: Ministerul de Externe, \u00een colaps \u00een repatrierea rom\u00e2nilor din Golful!"},"content":{"rendered":"<p>\u201eRom\u00e2nia a mai trecut prin situa\u021bii similare \u00een trecut, \u00eens\u0103 de aceast\u0103 dat\u0103, opera\u021biunile care ar fi trebuit s\u0103 fie gestionate eficient din punct de vedere administrativ s-au transformat \u00eentr-un spectacol de comunicare politic\u0103\u201d, a declarat Avr\u0103mescu, subliniind discre\u021bia cu care au fost abordate crizele anterioare.<\/p>\n<p>Deputatul AUR a comparat situa\u021bia Rom\u00e2niei cu cea a altor state europene, precum Croa\u021bia, Italia \u0219i Fran\u021ba, care au reu\u0219it s\u0103 organizeze repatrieri rapide, utiliz\u00e2nd aeronave ale companiilor aeriene locale, f\u0103r\u0103 a genera scandaluri publice sau confuzii administrative. \u00cen opozi\u021bie, repatrierile rom\u00e2ne\u0219ti s-au confruntat cu diverse deficien\u021be, inclusiv excluderea unui minor de pe lista de evacuare, o decizie justificat\u0103 public printr-o \u201evulnerabilitate de imagine\u201d.<\/p>\n<p>Avr\u0103mescu a criticat, de asemenea, modul \u00een care institu\u021biile au comunicat \u00een aceast\u0103 perioad\u0103, aduc\u00e2nd \u00een discu\u021bie lipsa unor criterii clare \u0219i a informa\u021biilor coerente, aspecte ce au erodat \u00eencrederea cet\u0103\u021benilor \u00een capacitatea statului de a gestiona crizele.<\/p>\n<p>\u201eRom\u00e2nii care se afl\u0103 \u00een pericol nu au nevoie de justific\u0103ri defensive, ci de un stat preg\u0103tit \u0219i de institu\u021bii care ac\u021bioneaz\u0103 rapid \u0219i profesionist\u201d, a subliniat purt\u0103torul de cuv\u00e2nt al AUR.<\/p>\n<p>El a tras un semnal de alarm\u0103, afirm\u00e2nd c\u0103 problemele cu care ne confrunt\u0103m reflect\u0103 un declin institu\u021bional acumulat \u00een timp. Rom\u00e2nia necesit\u0103 un Minister de Externe care s\u0103 func\u021bioneze eficient, axat exclusiv pe protejarea cet\u0103\u021benilor, nu pe comunicarea politic\u0103.<\/p>\n","protected":false},"excerpt":{"rendered":"<p>\u201eRom\u00e2nia a mai trecut prin situa\u021bii similare \u00een trecut, \u00eens\u0103 de aceast\u0103 dat\u0103, opera\u021biunile care ar fi trebuit s\u0103 fie gestionate eficient din punct de vedere administrativ s-au transformat \u00eentr-un spectacol de comunicare politic\u0103\u201d, a declarat Avr\u0103mescu, subliniind discre\u021bia cu care au fost abordate crizele anterioare. Deputatul AUR a comparat situa\u021bia Rom\u00e2niei cu cea a [&hellip;]<\/p>\n","protected":false},"author":2,"featured_media":7449,"comment_status":"open","ping_status":"open","sticky":false,"template":"","format":"standard","meta":{"jnews-multi-image_gallery":[],"jnews_single_post":[],"jnews_primary_category":[],"jnews_override_counter":[],"footnotes":""},"categories":[42],"tags":[10325,10327,10324,10323,10326,10322,149,1842],"class_list":["post-7448","post","type-post","status-publish","format-standard","has-post-thumbnail","hentry","category-politica","tag-avrameascu","tag-comparatie-europeana","tag-comunicare-politica","tag-crize","tag-deficiente-administrative","tag-repatrieri","tag-romania","tag-transparenta"],"_links":{"self":[{"href":"https:\/\/www.newsrecorder.ro\/app\/wp-json\/wp\/v2\/posts\/7448","targetHints":{"allow":["GET"]}}],"collection":[{"href":"https:\/\/www.newsrecorder.ro\/app\/wp-json\/wp\/v2\/posts"}],"about":[{"href":"https:\/\/www.newsrecorder.ro\/app\/wp-json\/wp\/v2\/types\/post"}],"author":[{"embeddable":true,"href":"https:\/\/www.newsrecorder.ro\/app\/wp-json\/wp\/v2\/users\/2"}],"replies":[{"embeddable":true,"href":"https:\/\/www.newsrecorder.ro\/app\/wp-json\/wp\/v2\/comments?post=7448"}],"version-history":[{"count":0,"href":"https:\/\/www.newsrecorder.ro\/app\/wp-json\/wp\/v2\/posts\/7448\/revisions"}],"wp:featuredmedia":[{"embeddable":true,"href":"https:\/\/www.newsrecorder.ro\/app\/wp-json\/wp\/v2\/media\/7449"}],"wp:attachment":[{"href":"https:\/\/www.newsrecorder.ro\/app\/wp-json\/wp\/v2\/media?parent=7448"}],"wp:term":[{"taxonomy":"category","embeddable":true,"href":"https:\/\/www.newsrecorder.ro\/app\/wp-json\/wp\/v2\/categories?post=7448"},{"taxonomy":"post_tag","embeddable":true,"href":"https:\/\/www.newsrecorder.ro\/app\/wp-json\/wp\/v2\/tags?post=7448"}],"curies":[{"name":"wp","href":"https:\/\/api.w.org\/{rel}","templated":true}]}}