{"id":7456,"date":"2026-03-09T20:03:05","date_gmt":"2026-03-09T20:03:05","guid":{"rendered":"https:\/\/www.newsrecorder.ro\/app\/2026\/03\/09\/piastri-accidentat-inainte-de-marele-premiu-al-australiei-2\/"},"modified":"2026-03-09T20:03:05","modified_gmt":"2026-03-09T20:03:05","slug":"piastri-accidentat-inainte-de-marele-premiu-al-australiei-2","status":"publish","type":"post","link":"https:\/\/www.newsrecorder.ro\/app\/2026\/03\/09\/piastri-accidentat-inainte-de-marele-premiu-al-australiei-2\/","title":{"rendered":"Piastri, accidentat \u00eenainte de Marele Premiu al Australiei!"},"content":{"rendered":"<p>Oscar Piastri, pilotul australian care a ob\u021binut o impresionant\u0103 calificare pe pozi\u021bia a cincea, a avut parte de un incident nefericit \u00een timpul preg\u0103tirilor pentru Marele Premiu al Australiei. Acesta a lovit bordura la virajul 4 \u0219i a fost nevoit s\u0103 se \u00eentoarc\u0103 \u00een boxe, conform informa\u021biilor furnizate de <a href=\"https:\/\/www.afp.com\/fr\" target=\"_blank\" rel=\"noopener\">AFP<\/a>.<\/p>\n<p>Reprezentan\u021bii echipei McLaren au confirmat situa\u021bia, men\u021bion\u00e2nd: \u201eOscar s-a ciocnit de zid \u00een turele de \u00eenc\u0103lzire. Din fericire, este bine.\u201d<\/p>\n<p>Din p\u0103cate, ma\u0219ina lui Piastri a fost recuperat\u0103 de pe pist\u0103, iar acesta nu va participa la competi\u021bia din cadrul <a href=\"https:\/\/www.mediafax.ro\/sport\/formula-1-oscar-piastri-castigator-in-cursa-sprint-din-qatar-23650352\" target=\"_blank\" rel=\"noopener\">Marelui Premiu<\/a> al Australiei.<\/p>\n<p>Este important de men\u021bionat c\u0103, de la victoria lui Alan Jones \u00een 1980, niciun pilot australian nu a reu\u0219it s\u0103 c\u00e2\u0219tige cursa pe terenul propriu, de\u0219i aceasta a fost o competi\u021bie f\u0103r\u0103 statut de campionat \u00eenainte ca Australia s\u0103 fie inclus\u0103 \u00een calendarul Formula 1 \u00een 1985.<\/p>\n","protected":false},"excerpt":{"rendered":"<p>Oscar Piastri, pilotul australian care a ob\u021binut o impresionant\u0103 calificare pe pozi\u021bia a cincea, a avut parte de un incident nefericit \u00een timpul preg\u0103tirilor pentru Marele Premiu al Australiei. Acesta a lovit bordura la virajul 4 \u0219i a fost nevoit s\u0103 se \u00eentoarc\u0103 \u00een boxe, conform informa\u021biilor furnizate de AFP. Reprezentan\u021bii echipei McLaren au confirmat [&hellip;]<\/p>\n","protected":false},"author":6,"featured_media":7457,"comment_status":"open","ping_status":"open","sticky":false,"template":"","format":"standard","meta":{"jnews-multi-image_gallery":[],"jnews_single_post":[],"jnews_primary_category":[],"jnews_override_counter":[],"footnotes":""},"categories":[46],"tags":[10099,8283,6250,1355,10097,9657,4223,10098],"class_list":["post-7456","post","type-post","status-publish","format-standard","has-post-thumbnail","hentry","category-sport","tag-bordura","tag-calificare","tag-formula-1","tag-incident","tag-marele-premiu-al-australiei","tag-mclaren","tag-oscar-piastri","tag-pilot-australian"],"_links":{"self":[{"href":"https:\/\/www.newsrecorder.ro\/app\/wp-json\/wp\/v2\/posts\/7456","targetHints":{"allow":["GET"]}}],"collection":[{"href":"https:\/\/www.newsrecorder.ro\/app\/wp-json\/wp\/v2\/posts"}],"about":[{"href":"https:\/\/www.newsrecorder.ro\/app\/wp-json\/wp\/v2\/types\/post"}],"author":[{"embeddable":true,"href":"https:\/\/www.newsrecorder.ro\/app\/wp-json\/wp\/v2\/users\/6"}],"replies":[{"embeddable":true,"href":"https:\/\/www.newsrecorder.ro\/app\/wp-json\/wp\/v2\/comments?post=7456"}],"version-history":[{"count":0,"href":"https:\/\/www.newsrecorder.ro\/app\/wp-json\/wp\/v2\/posts\/7456\/revisions"}],"wp:featuredmedia":[{"embeddable":true,"href":"https:\/\/www.newsrecorder.ro\/app\/wp-json\/wp\/v2\/media\/7457"}],"wp:attachment":[{"href":"https:\/\/www.newsrecorder.ro\/app\/wp-json\/wp\/v2\/media?parent=7456"}],"wp:term":[{"taxonomy":"category","embeddable":true,"href":"https:\/\/www.newsrecorder.ro\/app\/wp-json\/wp\/v2\/categories?post=7456"},{"taxonomy":"post_tag","embeddable":true,"href":"https:\/\/www.newsrecorder.ro\/app\/wp-json\/wp\/v2\/tags?post=7456"}],"curies":[{"name":"wp","href":"https:\/\/api.w.org\/{rel}","templated":true}]}}