{"id":7474,"date":"2026-03-09T20:05:25","date_gmt":"2026-03-09T20:05:25","guid":{"rendered":"https:\/\/www.newsrecorder.ro\/app\/2026\/03\/09\/bucuresti-vremea-se-incalzeste-maxime-de-16-grade-in-urmatoarele-zile-2\/"},"modified":"2026-03-09T20:05:25","modified_gmt":"2026-03-09T20:05:25","slug":"bucuresti-vremea-se-incalzeste-maxime-de-16-grade-in-urmatoarele-zile-2","status":"publish","type":"post","link":"https:\/\/www.newsrecorder.ro\/app\/2026\/03\/09\/bucuresti-vremea-se-incalzeste-maxime-de-16-grade-in-urmatoarele-zile-2\/","title":{"rendered":"Bucure\u0219ti: Vremea se \u00eenc\u0103lze\u0219te! Maxime de 16 grade \u00een urm\u0103toarele zile"},"content":{"rendered":"<p class=\"font-claude-response-body break-words whitespace-normal leading-[1.7]\">O veste \u00eembucur\u0103toare pentru locuitorii Capitalei: \u00een aceast\u0103 perioad\u0103, ora\u0219ul nu este sub inciden\u021ba niciunui cod meteorologic.<\/p>\n<p><strong>Joi \u0219i noaptea spre vineri: temperaturi mai ridicate dec\u00e2t normal<\/strong><\/p>\n<p class=\"font-claude-response-body break-words whitespace-normal leading-[1.7]\">Temperaturile vor dep\u0103\u0219i valorile obi\u0219nuite pentru aceast\u0103 perioad\u0103 a anului. Cerul va fi temporar \u00eennorat, iar v\u00e2ntul va sufla cu intensitate slab\u0103 p\u00e2n\u0103 la moderat\u0103. Maximele zilei se vor situa \u00eentre 14 \u0219i 16 grade Celsius, iar minimele nocturne vor sc\u0103dea la valori cuprinse \u00eentre 1 \u0219i 3 grade.<\/p>\n<p><strong>Vineri \u00een Bucure\u0219ti: cer variabil \u0219i f\u0103r\u0103 precipita\u021bii<\/strong><\/p>\n<p class=\"font-claude-response-body break-words whitespace-normal leading-[1.7]\">\u00cen ziua de vineri, \u00eentre orele 08:00 \u0219i 20:00, cerul va prezenta varia\u021bii, f\u0103r\u0103 a aduce precipita\u021bii. V\u00e2ntul va continua s\u0103 fie slab \u0219i moderat, iar temperaturile vor atinge 12-13 grade Celsius pe parcursul zilei.<\/p>\n<p class=\"font-claude-response-body break-words whitespace-normal leading-[1.7]\">Potrivit Agen\u021biei Na\u021bionale de Meteorologie (ANM), Bucure\u0219tiul nu se afl\u0103 sub niciun mesaj de avertizare sau aten\u021bionare meteorologic\u0103 pentru \u00eentreaga perioad\u0103 vizat\u0103 de prognoz\u0103.<\/p>\n","protected":false},"excerpt":{"rendered":"<p>O veste \u00eembucur\u0103toare pentru locuitorii Capitalei: \u00een aceast\u0103 perioad\u0103, ora\u0219ul nu este sub inciden\u021ba niciunui cod meteorologic. Joi \u0219i noaptea spre vineri: temperaturi mai ridicate dec\u00e2t normal Temperaturile vor dep\u0103\u0219i valorile obi\u0219nuite pentru aceast\u0103 perioad\u0103 a anului. Cerul va fi temporar \u00eennorat, iar v\u00e2ntul va sufla cu intensitate slab\u0103 p\u00e2n\u0103 la moderat\u0103. Maximele zilei se [&hellip;]<\/p>\n","protected":false},"author":5,"featured_media":7475,"comment_status":"open","ping_status":"open","sticky":false,"template":"","format":"standard","meta":{"jnews-multi-image_gallery":[],"jnews_single_post":[],"jnews_primary_category":[],"jnews_override_counter":[],"footnotes":""},"categories":[45],"tags":[362,130,9844,133,132,126,137,125],"class_list":["post-7474","post","type-post","status-publish","format-standard","has-post-thumbnail","hentry","category-meteo","tag-bucuresti","tag-cer-variabil","tag-cod-meteorologic","tag-meteorologie","tag-prognoza","tag-temperaturi","tag-vant","tag-vreme"],"_links":{"self":[{"href":"https:\/\/www.newsrecorder.ro\/app\/wp-json\/wp\/v2\/posts\/7474","targetHints":{"allow":["GET"]}}],"collection":[{"href":"https:\/\/www.newsrecorder.ro\/app\/wp-json\/wp\/v2\/posts"}],"about":[{"href":"https:\/\/www.newsrecorder.ro\/app\/wp-json\/wp\/v2\/types\/post"}],"author":[{"embeddable":true,"href":"https:\/\/www.newsrecorder.ro\/app\/wp-json\/wp\/v2\/users\/5"}],"replies":[{"embeddable":true,"href":"https:\/\/www.newsrecorder.ro\/app\/wp-json\/wp\/v2\/comments?post=7474"}],"version-history":[{"count":0,"href":"https:\/\/www.newsrecorder.ro\/app\/wp-json\/wp\/v2\/posts\/7474\/revisions"}],"wp:featuredmedia":[{"embeddable":true,"href":"https:\/\/www.newsrecorder.ro\/app\/wp-json\/wp\/v2\/media\/7475"}],"wp:attachment":[{"href":"https:\/\/www.newsrecorder.ro\/app\/wp-json\/wp\/v2\/media?parent=7474"}],"wp:term":[{"taxonomy":"category","embeddable":true,"href":"https:\/\/www.newsrecorder.ro\/app\/wp-json\/wp\/v2\/categories?post=7474"},{"taxonomy":"post_tag","embeddable":true,"href":"https:\/\/www.newsrecorder.ro\/app\/wp-json\/wp\/v2\/tags?post=7474"}],"curies":[{"name":"wp","href":"https:\/\/api.w.org\/{rel}","templated":true}]}}