{"id":7476,"date":"2026-03-09T20:05:41","date_gmt":"2026-03-09T20:05:41","guid":{"rendered":"https:\/\/www.newsrecorder.ro\/app\/2026\/03\/09\/vreme-extrema-vant-puternic-loveste-moldova-muntenia-si-munti\/"},"modified":"2026-03-09T20:05:41","modified_gmt":"2026-03-09T20:05:41","slug":"vreme-extrema-vant-puternic-loveste-moldova-muntenia-si-munti","status":"publish","type":"post","link":"https:\/\/www.newsrecorder.ro\/app\/2026\/03\/09\/vreme-extrema-vant-puternic-loveste-moldova-muntenia-si-munti\/","title":{"rendered":"Vreme extrem\u0103: V\u00e2nt puternic loveste Moldova, Muntenia \u0219i mun\u021bi!"},"content":{"rendered":"<p>Conform prognozei meteorologice emis\u0103 de ANM, joi, v\u00e2ntul va prezenta intensific\u0103ri temporare \u00een nordul \u0219i centrul Moldovei, ating\u00e2nd viteze de 40-45 km\/h.<\/p>\n<p>\u00cen ziua de vineri, rafalele de v\u00e2nt se vor deplasa spre nord-estul Munteniei \u0219i sudul Dobrogei, unde se estimeaz\u0103 viteze similare.<\/p>\n<p>Pe crestele Carpa\u021bilor de Curbur\u0103 \u0219i Meridionali, v\u00e2ntul va avea o for\u021b\u0103 considerabil\u0103, cu rafale ce vor atinge 60-65 km\/h.<\/p>\n<p>De asemenea, este important de men\u021bionat c\u0103, vineri, 6 martie, este \u00een vigoare o avertizare de Cod galben, valabil\u0103 \u00eentre orele 08:00 \u0219i 20:00.<\/p>\n<p>Zonele afectate de aceast\u0103 avertizare includ Moldova \u0219i nordul Dobrogei, unde v\u00e2ntul va sufla cu intensitate, cu viteze cuprinse \u00eentre 50 \u0219i 65 km\/h.<\/p>\n<p>Astfel, locuitorii din aceste regiuni sunt sf\u0103tui\u021bi s\u0103 fie preg\u0103ti\u021bi pentru condi\u021bii meteorologice mai dificile.<\/p>\n","protected":false},"excerpt":{"rendered":"<p>Conform prognozei meteorologice emis\u0103 de ANM, joi, v\u00e2ntul va prezenta intensific\u0103ri temporare \u00een nordul \u0219i centrul Moldovei, ating\u00e2nd viteze de 40-45 km\/h. \u00cen ziua de vineri, rafalele de v\u00e2nt se vor deplasa spre nord-estul Munteniei \u0219i sudul Dobrogei, unde se estimeaz\u0103 viteze similare. Pe crestele Carpa\u021bilor de Curbur\u0103 \u0219i Meridionali, v\u00e2ntul va avea o for\u021b\u0103 [&hellip;]<\/p>\n","protected":false},"author":5,"featured_media":7477,"comment_status":"open","ping_status":"open","sticky":false,"template":"","format":"standard","meta":{"jnews-multi-image_gallery":[],"jnews_single_post":[],"jnews_primary_category":[],"jnews_override_counter":[],"footnotes":""},"categories":[45],"tags":[10338,974,2253,1422,871,1802,5680,137],"class_list":["post-7476","post","type-post","status-publish","format-standard","has-post-thumbnail","hentry","category-meteo","tag-avertizare-cod-galben","tag-conditii-meteorologice","tag-dobrogea","tag-intensificari","tag-moldova","tag-prognoza-meteorologica","tag-rafale","tag-vant"],"_links":{"self":[{"href":"https:\/\/www.newsrecorder.ro\/app\/wp-json\/wp\/v2\/posts\/7476","targetHints":{"allow":["GET"]}}],"collection":[{"href":"https:\/\/www.newsrecorder.ro\/app\/wp-json\/wp\/v2\/posts"}],"about":[{"href":"https:\/\/www.newsrecorder.ro\/app\/wp-json\/wp\/v2\/types\/post"}],"author":[{"embeddable":true,"href":"https:\/\/www.newsrecorder.ro\/app\/wp-json\/wp\/v2\/users\/5"}],"replies":[{"embeddable":true,"href":"https:\/\/www.newsrecorder.ro\/app\/wp-json\/wp\/v2\/comments?post=7476"}],"version-history":[{"count":0,"href":"https:\/\/www.newsrecorder.ro\/app\/wp-json\/wp\/v2\/posts\/7476\/revisions"}],"wp:featuredmedia":[{"embeddable":true,"href":"https:\/\/www.newsrecorder.ro\/app\/wp-json\/wp\/v2\/media\/7477"}],"wp:attachment":[{"href":"https:\/\/www.newsrecorder.ro\/app\/wp-json\/wp\/v2\/media?parent=7476"}],"wp:term":[{"taxonomy":"category","embeddable":true,"href":"https:\/\/www.newsrecorder.ro\/app\/wp-json\/wp\/v2\/categories?post=7476"},{"taxonomy":"post_tag","embeddable":true,"href":"https:\/\/www.newsrecorder.ro\/app\/wp-json\/wp\/v2\/tags?post=7476"}],"curies":[{"name":"wp","href":"https:\/\/api.w.org\/{rel}","templated":true}]}}