{"id":7480,"date":"2026-03-09T20:06:42","date_gmt":"2026-03-09T20:06:42","guid":{"rendered":"https:\/\/www.newsrecorder.ro\/app\/2026\/03\/09\/pamantul-la-limita-de-no-return-o-criza-fara-precedent\/"},"modified":"2026-03-09T20:06:42","modified_gmt":"2026-03-09T20:06:42","slug":"pamantul-la-limita-de-no-return-o-criza-fara-precedent","status":"publish","type":"post","link":"https:\/\/www.newsrecorder.ro\/app\/2026\/03\/09\/pamantul-la-limita-de-no-return-o-criza-fara-precedent\/","title":{"rendered":"P\u0103m\u00e2ntul la limita de no return: O criz\u0103 f\u0103r\u0103 precedent!"},"content":{"rendered":"<p class=\"font-claude-response-body break-words whitespace-normal leading-[1.7]\">Cercet\u0103torii de la Universitatea de Stat din Oregon au realizat o descoperire alarmant\u0103: temperatura global\u0103 a dep\u0103\u0219it pragul de 1,5 grade Celsius timp de 12 luni consecutive, conform normelor stabilite prin Acordul de la Paris. De asemenea, nivelurile de dioxid de carbon (CO2) din atmosfer\u0103 au crescut cu 50% fa\u021b\u0103 de perioada preindustrial\u0103, conform <a href=\"https:\/\/www.thecooldown.com\/\" target=\"_blank\" rel=\"noopener\">thecooldown.com<\/a>.<\/p>\n<p class=\"font-claude-response-body break-words whitespace-normal leading-[1.7]\">Studiul a luat \u00een considerare 16 elemente cheie ale mediului, inclusiv calotele glaciare din Antarctica \u0219i p\u0103durile amazoniene. Stabilitatea acestor ecosisteme este crucial\u0103, deoarece destabilizarea lor poate avea efecte devastatoare \u0219i interconectate. De exemplu, topirea ghe\u021bii reduce capacitatea planetei de a se r\u0103cori, iar dispari\u021bia p\u0103durilor contribuie la intensificarea \u00eenc\u0103lzirii globale.<\/p>\n<p class=\"font-claude-response-body break-words whitespace-normal leading-[1.7]\">\u201eDup\u0103 un milion de ani de fluctua\u021bii climatice, <a href=\"https:\/\/www.mediafax.ro\/life-entertaiment\/schimbarile-climatice-ar-putea-influenca-sexul-copilului-tau-23693546\">clima<\/a> P\u0103m\u00e2ntului s-a stabilizat acum 11.000 de ani, permi\u021b\u00e2nd dezvoltarea agriculturii \u0219i a civiliza\u021biilor\u201d, a explicat profesorul William Ripple de la Universitatea de Stat din Oregon. \u201eAcum, \u00eens\u0103, ne \u00eendep\u0103rt\u0103m de aceast\u0103 stabilitate\u201d, a avertizat el.<\/p>\n<p class=\"font-claude-response-body break-words whitespace-normal leading-[1.7]\">Persisten\u021ba c\u0103ldurii extreme este asociat\u0103 cu incendii devastatoare \u0219i inunda\u021bii mortale care afecteaz\u0103 mari regiuni. Fenomenele meteorologice extreme devin din ce \u00een ce mai frecvente pe m\u0103sur\u0103 ce temperatura continu\u0103 s\u0103 creasc\u0103, iar <a href=\"https:\/\/www.mediafax.ro\/stiinta-sanatate\/plastic-peste-tot-boli-peste-tot-avertismentul-cercetatorilor-pentru-urmatorii-15-ani-23681181\">comunit\u0103\u021bile \u0219i familiile<\/a> suport\u0103 costuri crescute. F\u0103r\u0103 ac\u021biuni imediate, exist\u0103 riscul ca oamenii s\u0103 \u00ee\u0219i piard\u0103 locuin\u021bele \u0219i s\u0103n\u0103tatea.<\/p>\n<p class=\"font-claude-response-body break-words whitespace-normal leading-[1.7]\">Cercet\u0103torii solicit\u0103 factorilor de decizie s\u0103 ac\u021bioneze rapid, \u00eenainte ca planeta s\u0103 ajung\u0103 la un punct de cotitur\u0103. M\u0103surile preventive sunt mult mai eficiente dec\u00e2t repararea daunelor deja cauzate. Tranzi\u021bia c\u0103tre surse de energie regenerabil\u0103 r\u0103m\u00e2ne una dintre solu\u021biile esen\u021biale recomandate.<\/p>\n<p class=\"font-claude-response-body break-words whitespace-normal leading-[1.7]\">Studiul, publicat \u00een revista One Earth, se dovede\u0219te a fi unul dintre cele mai clare avertismente \u0219tiin\u021bifice din ultimii ani. Dac\u0103 tendin\u021bele actuale vor continua, schimb\u0103rile climatice vor atinge o faz\u0103 f\u0103r\u0103 precedent \u00een istoria omenirii.<\/p>\n","protected":false},"excerpt":{"rendered":"<p>Cercet\u0103torii de la Universitatea de Stat din Oregon au realizat o descoperire alarmant\u0103: temperatura global\u0103 a dep\u0103\u0219it pragul de 1,5 grade Celsius timp de 12 luni consecutive, conform normelor stabilite prin Acordul de la Paris. De asemenea, nivelurile de dioxid de carbon (CO2) din atmosfer\u0103 au crescut cu 50% fa\u021b\u0103 de perioada preindustrial\u0103, conform thecooldown.com. [&hellip;]<\/p>\n","protected":false},"author":5,"featured_media":7481,"comment_status":"open","ping_status":"open","sticky":false,"template":"","format":"standard","meta":{"jnews-multi-image_gallery":[],"jnews_single_post":[],"jnews_primary_category":[],"jnews_override_counter":[],"footnotes":""},"categories":[45],"tags":[8648,8649,8647,8651,8646,9003,1641,10032],"class_list":["post-7480","post","type-post","status-publish","format-standard","has-post-thumbnail","hentry","category-meteo","tag-acordul-de-la-paris","tag-calotele-glaciare","tag-dioxid-de-carbon","tag-ecosisteme","tag-incalzire-globala","tag-paduri-amazoniene","tag-schimbari-climatice","tag-temperatura-globala"],"_links":{"self":[{"href":"https:\/\/www.newsrecorder.ro\/app\/wp-json\/wp\/v2\/posts\/7480","targetHints":{"allow":["GET"]}}],"collection":[{"href":"https:\/\/www.newsrecorder.ro\/app\/wp-json\/wp\/v2\/posts"}],"about":[{"href":"https:\/\/www.newsrecorder.ro\/app\/wp-json\/wp\/v2\/types\/post"}],"author":[{"embeddable":true,"href":"https:\/\/www.newsrecorder.ro\/app\/wp-json\/wp\/v2\/users\/5"}],"replies":[{"embeddable":true,"href":"https:\/\/www.newsrecorder.ro\/app\/wp-json\/wp\/v2\/comments?post=7480"}],"version-history":[{"count":0,"href":"https:\/\/www.newsrecorder.ro\/app\/wp-json\/wp\/v2\/posts\/7480\/revisions"}],"wp:featuredmedia":[{"embeddable":true,"href":"https:\/\/www.newsrecorder.ro\/app\/wp-json\/wp\/v2\/media\/7481"}],"wp:attachment":[{"href":"https:\/\/www.newsrecorder.ro\/app\/wp-json\/wp\/v2\/media?parent=7480"}],"wp:term":[{"taxonomy":"category","embeddable":true,"href":"https:\/\/www.newsrecorder.ro\/app\/wp-json\/wp\/v2\/categories?post=7480"},{"taxonomy":"post_tag","embeddable":true,"href":"https:\/\/www.newsrecorder.ro\/app\/wp-json\/wp\/v2\/tags?post=7480"}],"curies":[{"name":"wp","href":"https:\/\/api.w.org\/{rel}","templated":true}]}}