{"id":749,"date":"2026-01-27T22:44:03","date_gmt":"2026-01-27T22:44:03","guid":{"rendered":"https:\/\/www.newsrecorder.ro\/app\/2026\/01\/27\/lyon-adolescenta-rapita-si-torturata-patru-suspecti-arestati\/"},"modified":"2026-01-27T22:44:03","modified_gmt":"2026-01-27T22:44:03","slug":"lyon-adolescenta-rapita-si-torturata-patru-suspecti-arestati","status":"publish","type":"post","link":"https:\/\/www.newsrecorder.ro\/app\/2026\/01\/27\/lyon-adolescenta-rapita-si-torturata-patru-suspecti-arestati\/","title":{"rendered":"Lyon: Adolescent\u0103 r\u0103pit\u0103 \u0219i torturat\u0103, patru suspec\u021bi aresta\u021bi!"},"content":{"rendered":"<p>Un incident violent a avut loc \u00een localitatea Oullins-Pierre-B\u00e9nite, situat\u0103 \u00een sudul ora\u0219ului Lyon. Conform informa\u021biilor furnizate de Le Figaro, victima, o t\u00e2n\u0103r\u0103, se afla \u00een compania fostului s\u0103u prieten \u00een momentul \u00een care a fost atacat\u0103 de acesta \u0219i de alte trei fete, cu v\u00e2rste cuprinse \u00eentre 14 \u0219i 17 ani.<\/p>\n<p>Atacul a fost brutal: dup\u0103 ce a fost agresat\u0103, victima a fost dus\u0103 \u00eentr-un subsol, unde una dintre adolescente a \u00eenjunghiat-o \u00een coaps\u0103 cu un cu\u021bit. O alt\u0103 agresor\u0103 a folosit un sting\u0103tor pentru a-i provoca arsuri severe, iar grupul a continuat prin a o dezbr\u0103ca \u0219i a-i provoca t\u0103ieturi pe spate.<\/p>\n<p>\u00cen ciuda suferin\u021belor \u00eendurate, fata a reu\u0219it s\u0103 scape \u0219i a fost g\u0103sit\u0103 luni diminea\u021ba. Poli\u021bia a reac\u021bionat rapid, identific\u00e2nd doi dintre agresori, care au fost aresta\u021bi \u00een aceea\u0219i zi, \u00een apartamentul unde fusese dus\u0103 adolescenta. Ceilal\u021bi doi minori, inclusiv fostul iubit, au fost captura\u021bi \u00een aceea\u0219i sear\u0103.<\/p>\n<p>Cei patru tineri urmeaz\u0103 s\u0103 fie prezenta\u021bi miercuri \u00een fa\u021ba Parchetului pentru minori din Lyon, \u00een cadrul unei anchete care promite s\u0103 aduc\u0103 la lumin\u0103 detalii suplimentare despre acest caz \u0219ocant.<\/p>\n","protected":false},"excerpt":{"rendered":"<p>Un incident violent a avut loc \u00een localitatea Oullins-Pierre-B\u00e9nite, situat\u0103 \u00een sudul ora\u0219ului Lyon. Conform informa\u021biilor furnizate de Le Figaro, victima, o t\u00e2n\u0103r\u0103, se afla \u00een compania fostului s\u0103u prieten \u00een momentul \u00een care a fost atacat\u0103 de acesta \u0219i de alte trei fete, cu v\u00e2rste cuprinse \u00eentre 14 \u0219i 17 ani. Atacul a fost [&hellip;]<\/p>\n","protected":false},"author":2,"featured_media":750,"comment_status":"open","ping_status":"open","sticky":false,"template":"","format":"standard","meta":{"jnews-multi-image_gallery":[],"jnews_single_post":[],"jnews_primary_category":[],"jnews_override_counter":[],"footnotes":""},"categories":[41],"tags":[1348,557,1347,1346,1350,1352,1351,1349],"class_list":["post-749","post","type-post","status-publish","format-standard","has-post-thumbnail","hentry","category-externe","tag-agresiune","tag-arestare","tag-atac-brutal","tag-incident-violent","tag-lyon","tag-minori","tag-oullins-pierre-benite","tag-tanara"],"_links":{"self":[{"href":"https:\/\/www.newsrecorder.ro\/app\/wp-json\/wp\/v2\/posts\/749","targetHints":{"allow":["GET"]}}],"collection":[{"href":"https:\/\/www.newsrecorder.ro\/app\/wp-json\/wp\/v2\/posts"}],"about":[{"href":"https:\/\/www.newsrecorder.ro\/app\/wp-json\/wp\/v2\/types\/post"}],"author":[{"embeddable":true,"href":"https:\/\/www.newsrecorder.ro\/app\/wp-json\/wp\/v2\/users\/2"}],"replies":[{"embeddable":true,"href":"https:\/\/www.newsrecorder.ro\/app\/wp-json\/wp\/v2\/comments?post=749"}],"version-history":[{"count":0,"href":"https:\/\/www.newsrecorder.ro\/app\/wp-json\/wp\/v2\/posts\/749\/revisions"}],"wp:featuredmedia":[{"embeddable":true,"href":"https:\/\/www.newsrecorder.ro\/app\/wp-json\/wp\/v2\/media\/750"}],"wp:attachment":[{"href":"https:\/\/www.newsrecorder.ro\/app\/wp-json\/wp\/v2\/media?parent=749"}],"wp:term":[{"taxonomy":"category","embeddable":true,"href":"https:\/\/www.newsrecorder.ro\/app\/wp-json\/wp\/v2\/categories?post=749"},{"taxonomy":"post_tag","embeddable":true,"href":"https:\/\/www.newsrecorder.ro\/app\/wp-json\/wp\/v2\/tags?post=749"}],"curies":[{"name":"wp","href":"https:\/\/api.w.org\/{rel}","templated":true}]}}