{"id":7542,"date":"2026-03-09T22:31:40","date_gmt":"2026-03-09T22:31:40","guid":{"rendered":"https:\/\/www.newsrecorder.ro\/app\/2026\/03\/09\/schimbari-majore-la-fcsb-charalambous-si-pintilii-pleaca-radoi-favorit\/"},"modified":"2026-03-09T22:31:40","modified_gmt":"2026-03-09T22:31:40","slug":"schimbari-majore-la-fcsb-charalambous-si-pintilii-pleaca-radoi-favorit","status":"publish","type":"post","link":"https:\/\/www.newsrecorder.ro\/app\/2026\/03\/09\/schimbari-majore-la-fcsb-charalambous-si-pintilii-pleaca-radoi-favorit\/","title":{"rendered":"Schimb\u0103ri majore la FCSB: Charalambous \u0219i Pintilii pleac\u0103, R\u0103doi favorit!"},"content":{"rendered":"<p>Decizia de a schimba antrenorul a fost anun\u021bat\u0103 oficial pe re\u021belele sociale ale clubului FCSB, iar Gigi Becali, finan\u021batorul echipei, a men\u021bionat c\u0103 Mirel R\u0103doi ar putea prelua fr\u00e2iele echipei.<\/p>\n<p>Elias Charalambous a condus FCSB \u00een intervalul 2022-2026, timp \u00een care a ob\u021binut dou\u0103 titluri de campion \u0219i dou\u0103 Supercupe ale Rom\u00e2niei. Sub \u00eendrumarea sa, echipa ro\u0219-albastr\u0103 a avut performan\u021be notabile \u00een competi\u021biile europene, reu\u0219ind s\u0103 ajung\u0103 \u00een optimile de final\u0103 ale UEFA Europa League \u00een sezonul 2024-2025 \u0219i s\u0103 participe \u00een faza principal\u0103 a competi\u021biei \u00een sezonul curent. Plecarea sa marcheaz\u0103 sf\u00e2r\u0219itul unei perioade fructuoase, \u00een care FCSB s-a consolidat pe plan intern \u0219i interna\u021bional.<\/p>\n<p>Mihai Pintilii, fost c\u0103pitan al clubului \u0219i o figur\u0103 emblematic\u0103 din 2012, a preluat ini\u021bial echipa ca antrenor interimar \u00een noiembrie 2022, devenind apoi principalul colaborator al lui Charalambous din martie 2023. \u00cen aceast\u0103 perioad\u0103, Pintilii a avut un rol esen\u021bial \u00een c\u00e2\u0219tigarea celor dou\u0103 titluri de campion \u0219i a celor dou\u0103 Supercupe, precum \u0219i \u00een ob\u021binerea unor rezultate notabile \u00een competi\u021biile europene ale clubului.<\/p>\n<p>Decizia de a termina colaborarea cu Charalambous \u0219i Pintilii vine \u00eentr-un moment crucial pentru FCSB, care \u00ee\u0219i preg\u0103te\u0219te sezonul urm\u0103tor cu ambi\u021bii mari pe plan intern \u0219i european. Gigi Becali a sugerat c\u0103 Mirel R\u0103doi, cunoscut pentru stilul s\u0103u disciplinat \u0219i vasta experien\u021b\u0103 \u00een preg\u0103tirea echipelor de top, ar putea fi urm\u0103torul antrenor al echipei.<\/p>\n<p>Aceast\u0103 schimbare reprezint\u0103 un moment de cotitur\u0103 pentru FCSB, care \u00ee\u0219i propune s\u0103 \u00ee\u0219i men\u021bin\u0103 statutul de lider \u00een campionatul Rom\u00e2niei \u0219i s\u0103 continue parcursul impresionant \u00een competi\u021biile europene.<\/p>\n","protected":false},"excerpt":{"rendered":"<p>Decizia de a schimba antrenorul a fost anun\u021bat\u0103 oficial pe re\u021belele sociale ale clubului FCSB, iar Gigi Becali, finan\u021batorul echipei, a men\u021bionat c\u0103 Mirel R\u0103doi ar putea prelua fr\u00e2iele echipei. Elias Charalambous a condus FCSB \u00een intervalul 2022-2026, timp \u00een care a ob\u021binut dou\u0103 titluri de campion \u0219i dou\u0103 Supercupe ale Rom\u00e2niei. Sub \u00eendrumarea sa, [&hellip;]<\/p>\n","protected":false},"author":6,"featured_media":7543,"comment_status":"open","ping_status":"open","sticky":false,"template":"","format":"standard","meta":{"jnews-multi-image_gallery":[],"jnews_single_post":[],"jnews_primary_category":[],"jnews_override_counter":[],"footnotes":""},"categories":[46],"tags":[1584,3855,83,10332,10376,10375,1585,8435],"class_list":["post-7542","post","type-post","status-publish","format-standard","has-post-thumbnail","hentry","category-sport","tag-campion","tag-elias-charalambous","tag-fcsb","tag-gigi-becali","tag-mihai-pintilii","tag-mirel-radoi","tag-supercupa","tag-uefa-europa-league"],"_links":{"self":[{"href":"https:\/\/www.newsrecorder.ro\/app\/wp-json\/wp\/v2\/posts\/7542","targetHints":{"allow":["GET"]}}],"collection":[{"href":"https:\/\/www.newsrecorder.ro\/app\/wp-json\/wp\/v2\/posts"}],"about":[{"href":"https:\/\/www.newsrecorder.ro\/app\/wp-json\/wp\/v2\/types\/post"}],"author":[{"embeddable":true,"href":"https:\/\/www.newsrecorder.ro\/app\/wp-json\/wp\/v2\/users\/6"}],"replies":[{"embeddable":true,"href":"https:\/\/www.newsrecorder.ro\/app\/wp-json\/wp\/v2\/comments?post=7542"}],"version-history":[{"count":0,"href":"https:\/\/www.newsrecorder.ro\/app\/wp-json\/wp\/v2\/posts\/7542\/revisions"}],"wp:featuredmedia":[{"embeddable":true,"href":"https:\/\/www.newsrecorder.ro\/app\/wp-json\/wp\/v2\/media\/7543"}],"wp:attachment":[{"href":"https:\/\/www.newsrecorder.ro\/app\/wp-json\/wp\/v2\/media?parent=7542"}],"wp:term":[{"taxonomy":"category","embeddable":true,"href":"https:\/\/www.newsrecorder.ro\/app\/wp-json\/wp\/v2\/categories?post=7542"},{"taxonomy":"post_tag","embeddable":true,"href":"https:\/\/www.newsrecorder.ro\/app\/wp-json\/wp\/v2\/tags?post=7542"}],"curies":[{"name":"wp","href":"https:\/\/api.w.org\/{rel}","templated":true}]}}