{"id":7564,"date":"2026-03-10T00:11:41","date_gmt":"2026-03-10T00:11:41","guid":{"rendered":"https:\/\/www.newsrecorder.ro\/app\/2026\/03\/10\/trump-iranul-ar-fi-dominat-orientul-mijlociu-fara-ajutorul-sua\/"},"modified":"2026-03-10T00:11:41","modified_gmt":"2026-03-10T00:11:41","slug":"trump-iranul-ar-fi-dominat-orientul-mijlociu-fara-ajutorul-sua","status":"publish","type":"post","link":"https:\/\/www.newsrecorder.ro\/app\/2026\/03\/10\/trump-iranul-ar-fi-dominat-orientul-mijlociu-fara-ajutorul-sua\/","title":{"rendered":"Trump: Iranul ar fi dominat Orientul Mijlociu f\u0103r\u0103 ajutorul SUA!"},"content":{"rendered":"<p>Pre\u0219edintele Statelor Unite, Donald Trump, a declarat c\u0103 regimul de la Teheran era gata s\u0103 lanseze atacuri asupra alia\u021bilor americani din regiune, dac\u0103 SUA nu ar fi ac\u021bionat \u00eempotriva Iranului. \u201eDac\u0103 nu-i loveam eu pe ei primii, ei urmau s\u0103-i loveasc\u0103 pe alia\u021bii no\u0219tri primii. Urmau s\u0103 cucereasc\u0103 Orientul Mijlociu\u201d, a afirmat Trump \u00een cadrul unei conferin\u021be de pres\u0103, conform informa\u021biilor furnizate de Reuters.<\/p>\n<p>Referitor la evolu\u021bia conflictului, Trump a men\u021bionat: \u201eFacem progrese semnificative \u00een atingerea obiectivului nostru militar, iar unii ar putea sus\u021bine c\u0103 acest obiectiv este aproape finalizat. Am eliminat complet fiecare for\u021b\u0103 din Iran\u201d. Pre\u0219edintele american a descris acest conflict ca fiind \u201e\u00eenceputul construirii unei noi \u021b\u0103ri\u201d.<\/p>\n<p>\u00cen ceea ce prive\u0219te negocierile cu oficialii iranieni \u00eenainte de declan\u0219area r\u0103zboiului, Trump a afirmat c\u0103 ace\u0219tia \u0219i-ar fi exprimat inten\u021bia de a continua dezvoltarea programului nuclear. \u201e\u00cen ciuda numeroaselor oportunit\u0103\u021bi de a renun\u021ba la ambi\u021biile lor nucleare, pe care le-au avut cu pu\u021bin timp \u00een urm\u0103, ei i-au spus lui Witkoff: \u201eVrem s\u0103 continu\u0103m s\u0103 construim. Vrem s\u0103 continu\u0103m s\u0103 construim arme nucleare\u201d, a raportat CNN.<\/p>\n","protected":false},"excerpt":{"rendered":"<p>Pre\u0219edintele Statelor Unite, Donald Trump, a declarat c\u0103 regimul de la Teheran era gata s\u0103 lanseze atacuri asupra alia\u021bilor americani din regiune, dac\u0103 SUA nu ar fi ac\u021bionat \u00eempotriva Iranului. \u201eDac\u0103 nu-i loveam eu pe ei primii, ei urmau s\u0103-i loveasc\u0103 pe alia\u021bii no\u0219tri primii. Urmau s\u0103 cucereasc\u0103 Orientul Mijlociu\u201d, a afirmat Trump \u00een cadrul [&hellip;]<\/p>\n","protected":false},"author":2,"featured_media":7565,"comment_status":"open","ping_status":"open","sticky":false,"template":"","format":"standard","meta":{"jnews-multi-image_gallery":[],"jnews_single_post":[],"jnews_primary_category":[],"jnews_override_counter":[],"footnotes":""},"categories":[39],"tags":[434,1084,2994,913,686,2211,1080,1735],"class_list":["post-7564","post","type-post","status-publish","format-standard","has-post-thumbnail","hentry","category-stirile-zilei","tag-aliati","tag-atacuri","tag-conflicte","tag-iran","tag-negocieri","tag-orientul-mijlociu","tag-program-nuclear","tag-trump"],"_links":{"self":[{"href":"https:\/\/www.newsrecorder.ro\/app\/wp-json\/wp\/v2\/posts\/7564","targetHints":{"allow":["GET"]}}],"collection":[{"href":"https:\/\/www.newsrecorder.ro\/app\/wp-json\/wp\/v2\/posts"}],"about":[{"href":"https:\/\/www.newsrecorder.ro\/app\/wp-json\/wp\/v2\/types\/post"}],"author":[{"embeddable":true,"href":"https:\/\/www.newsrecorder.ro\/app\/wp-json\/wp\/v2\/users\/2"}],"replies":[{"embeddable":true,"href":"https:\/\/www.newsrecorder.ro\/app\/wp-json\/wp\/v2\/comments?post=7564"}],"version-history":[{"count":0,"href":"https:\/\/www.newsrecorder.ro\/app\/wp-json\/wp\/v2\/posts\/7564\/revisions"}],"wp:featuredmedia":[{"embeddable":true,"href":"https:\/\/www.newsrecorder.ro\/app\/wp-json\/wp\/v2\/media\/7565"}],"wp:attachment":[{"href":"https:\/\/www.newsrecorder.ro\/app\/wp-json\/wp\/v2\/media?parent=7564"}],"wp:term":[{"taxonomy":"category","embeddable":true,"href":"https:\/\/www.newsrecorder.ro\/app\/wp-json\/wp\/v2\/categories?post=7564"},{"taxonomy":"post_tag","embeddable":true,"href":"https:\/\/www.newsrecorder.ro\/app\/wp-json\/wp\/v2\/tags?post=7564"}],"curies":[{"name":"wp","href":"https:\/\/api.w.org\/{rel}","templated":true}]}}