{"id":7568,"date":"2026-03-10T00:12:17","date_gmt":"2026-03-10T00:12:17","guid":{"rendered":"https:\/\/www.newsrecorder.ro\/app\/2026\/03\/10\/israel-intensifica-atacurile-aeriene-asupra-teheranului\/"},"modified":"2026-03-10T00:12:17","modified_gmt":"2026-03-10T00:12:17","slug":"israel-intensifica-atacurile-aeriene-asupra-teheranului","status":"publish","type":"post","link":"https:\/\/www.newsrecorder.ro\/app\/2026\/03\/10\/israel-intensifica-atacurile-aeriene-asupra-teheranului\/","title":{"rendered":"Israel intensific\u0103 atacurile aeriene asupra Teheranului!"},"content":{"rendered":"<p>For\u021bele armate israeliene au anun\u021bat recent lansarea unei serii de atacuri aeriene \u201eextinse\u201d \u00eempotriva unor obiective asociate cu regimul islamic. Aceste ac\u021biuni au culminat cu explozii puternice auzite \u00een jurul miezului nop\u021bii \u00een Teheran, capitala Iranului.<\/p>\n<p>Locuitorii din capital\u0103 au raportat, pentru Associated Press, c\u0103 bombardamentele au constituit cele mai intense raiduri aeriene asupra ora\u0219ului de la \u00eenceputul conflictului. Exploziile au durat aproximativ 30 de minute, fiind concentrate \u00een special \u00een zonele vestice ale ora\u0219ului, unde s-au \u00eenregistrat \u0219i \u00eentreruperi ale aliment\u0103rii cu energie electric\u0103 \u00een unele cartiere.<\/p>\n<p>\u00cen replic\u0103 la aceste atacuri, autorit\u0103\u021bile de la Teheran au efectuat o serie de atacuri cu rachete balistice, conform informa\u021biilor furnizate de armata israelian\u0103 \u0219i citate de publica\u021bia The Times of Israel.<\/p>\n","protected":false},"excerpt":{"rendered":"<p>For\u021bele armate israeliene au anun\u021bat recent lansarea unei serii de atacuri aeriene \u201eextinse\u201d \u00eempotriva unor obiective asociate cu regimul islamic. Aceste ac\u021biuni au culminat cu explozii puternice auzite \u00een jurul miezului nop\u021bii \u00een Teheran, capitala Iranului. Locuitorii din capital\u0103 au raportat, pentru Associated Press, c\u0103 bombardamentele au constituit cele mai intense raiduri aeriene asupra ora\u0219ului [&hellip;]<\/p>\n","protected":false},"author":2,"featured_media":7569,"comment_status":"open","ping_status":"open","sticky":false,"template":"","format":"standard","meta":{"jnews-multi-image_gallery":[],"jnews_single_post":[],"jnews_primary_category":[],"jnews_override_counter":[],"footnotes":""},"categories":[39],"tags":[3608,684,530,3442,10394,4758,4802,4804],"class_list":["post-7568","post","type-post","status-publish","format-standard","has-post-thumbnail","hentry","category-stirile-zilei","tag-atacuri-aeriene","tag-conflict","tag-energie-electrica","tag-explozii","tag-fortele-armate-israeliene","tag-rachete-balistice","tag-regimul-islamic","tag-teheran"],"_links":{"self":[{"href":"https:\/\/www.newsrecorder.ro\/app\/wp-json\/wp\/v2\/posts\/7568","targetHints":{"allow":["GET"]}}],"collection":[{"href":"https:\/\/www.newsrecorder.ro\/app\/wp-json\/wp\/v2\/posts"}],"about":[{"href":"https:\/\/www.newsrecorder.ro\/app\/wp-json\/wp\/v2\/types\/post"}],"author":[{"embeddable":true,"href":"https:\/\/www.newsrecorder.ro\/app\/wp-json\/wp\/v2\/users\/2"}],"replies":[{"embeddable":true,"href":"https:\/\/www.newsrecorder.ro\/app\/wp-json\/wp\/v2\/comments?post=7568"}],"version-history":[{"count":0,"href":"https:\/\/www.newsrecorder.ro\/app\/wp-json\/wp\/v2\/posts\/7568\/revisions"}],"wp:featuredmedia":[{"embeddable":true,"href":"https:\/\/www.newsrecorder.ro\/app\/wp-json\/wp\/v2\/media\/7569"}],"wp:attachment":[{"href":"https:\/\/www.newsrecorder.ro\/app\/wp-json\/wp\/v2\/media?parent=7568"}],"wp:term":[{"taxonomy":"category","embeddable":true,"href":"https:\/\/www.newsrecorder.ro\/app\/wp-json\/wp\/v2\/categories?post=7568"},{"taxonomy":"post_tag","embeddable":true,"href":"https:\/\/www.newsrecorder.ro\/app\/wp-json\/wp\/v2\/tags?post=7568"}],"curies":[{"name":"wp","href":"https:\/\/api.w.org\/{rel}","templated":true}]}}