{"id":7574,"date":"2026-03-10T00:13:32","date_gmt":"2026-03-10T00:13:32","guid":{"rendered":"https:\/\/www.newsrecorder.ro\/app\/2026\/03\/10\/mark-carney-premierul-canadei-in-vizita-strategica-in-norvegia-si-uk\/"},"modified":"2026-03-10T00:13:32","modified_gmt":"2026-03-10T00:13:32","slug":"mark-carney-premierul-canadei-in-vizita-strategica-in-norvegia-si-uk","status":"publish","type":"post","link":"https:\/\/www.newsrecorder.ro\/app\/2026\/03\/10\/mark-carney-premierul-canadei-in-vizita-strategica-in-norvegia-si-uk\/","title":{"rendered":"Mark Carney, premierul Canadei, \u00een vizit\u0103 strategic\u0103 \u00een Norvegia \u0219i UK!"},"content":{"rendered":"<p>Mark Carney, premierul Canadei, va efectua o vizit\u0103 \u00een Norvegia pentru a asista la exerci\u021biul NATO \u201eCold Response\u201d, organizat de autorit\u0103\u021bile norvegiene.<\/p>\n<p>Acest exerci\u021biu al Alian\u021bei, care se desf\u0103\u0219oar\u0103 o dat\u0103 la doi ani, reune\u0219te aproximativ 25.000 de militari din 14 na\u021biuni, inclusiv Canada, Statele Unite, Regatul Unit, Germania, \u021a\u0103rile de Jos, Fran\u021ba, Suedia \u0219i Finlanda. Scopul principal al acestei mobiliz\u0103ri este preg\u0103tirea pentru opera\u021biuni terestre, aeriene \u0219i navale \u00een condi\u021bii arctice.<\/p>\n<p>Pe l\u00e2ng\u0103 observa\u021bia exerci\u021biului militar, Carney va avea o \u00eent\u00e2lnire cu omologul s\u0103u norvegian, Jonas Gahr St\u00f8re. Discu\u021biile dintre cei doi oficiali vor aborda subiecte importante precum comer\u021bul, investi\u021biile, energia curat\u0103, mineralele critice \u0219i sectorul aerospa\u021bial.<\/p>\n<p>\u201eCanada este \u0219i va fi pentru totdeauna o na\u021biune arctic\u0103. \u00cen fa\u021ba noilor amenin\u021b\u0103ri, consolid\u0103m colaborarea \u00een domeniul ap\u0103r\u0103rii cu partenerii no\u0219tri arctici pentru a crea o lume mai puternic\u0103, mai prosper\u0103 \u0219i mai sigur\u0103 pentru Canada \u0219i pentru to\u021bi\u201d, a declarat biroul premierului canadian, conform <a style=\"color: #0000ff\" href=\"https:\/\/apnews.com\/article\/carney-norway-nato-exercise-united-kingdom-1ff2a2d2005cff433d4e29ce84746627\">Associated Press<\/a>.<\/p>\n<p>Carney va participa de asemenea la Summitul Canada-Nordic, unde se va \u00eent\u00e2lni cu liderii \u021b\u0103rilor nordice pentru a discuta despre modalit\u0103\u021bi de \u00eent\u0103rire a cooper\u0103rii geopolitice.<\/p>\n<p>\u00cenainte de a se \u00eentoarce \u00een Canada, prim-ministrul va face o oprire la Londra, unde va avea o \u00eent\u00e2lnire cu Keir Starmer, premierul Marii Britanii. Cei doi lideri vor aborda teme legate de ap\u0103rare \u0219i situa\u021bia din Orientul Mijlociu.<\/p>\n","protected":false},"excerpt":{"rendered":"<p>Mark Carney, premierul Canadei, va efectua o vizit\u0103 \u00een Norvegia pentru a asista la exerci\u021biul NATO \u201eCold Response\u201d, organizat de autorit\u0103\u021bile norvegiene. Acest exerci\u021biu al Alian\u021bei, care se desf\u0103\u0219oar\u0103 o dat\u0103 la doi ani, reune\u0219te aproximativ 25.000 de militari din 14 na\u021biuni, inclusiv Canada, Statele Unite, Regatul Unit, Germania, \u021a\u0103rile de Jos, Fran\u021ba, Suedia \u0219i [&hellip;]<\/p>\n","protected":false},"author":2,"featured_media":7575,"comment_status":"open","ping_status":"open","sticky":false,"template":"","format":"standard","meta":{"jnews-multi-image_gallery":[],"jnews_single_post":[],"jnews_primary_category":[],"jnews_override_counter":[],"footnotes":""},"categories":[39],"tags":[10399,875,10400,10398,420,5628,352,3459],"class_list":["post-7574","post","type-post","status-publish","format-standard","has-post-thumbnail","hentry","category-stirile-zilei","tag-arctic","tag-comert","tag-energie-curata","tag-exercitiu-militar","tag-investitii","tag-mark-carney","tag-nato","tag-norvegia"],"_links":{"self":[{"href":"https:\/\/www.newsrecorder.ro\/app\/wp-json\/wp\/v2\/posts\/7574","targetHints":{"allow":["GET"]}}],"collection":[{"href":"https:\/\/www.newsrecorder.ro\/app\/wp-json\/wp\/v2\/posts"}],"about":[{"href":"https:\/\/www.newsrecorder.ro\/app\/wp-json\/wp\/v2\/types\/post"}],"author":[{"embeddable":true,"href":"https:\/\/www.newsrecorder.ro\/app\/wp-json\/wp\/v2\/users\/2"}],"replies":[{"embeddable":true,"href":"https:\/\/www.newsrecorder.ro\/app\/wp-json\/wp\/v2\/comments?post=7574"}],"version-history":[{"count":0,"href":"https:\/\/www.newsrecorder.ro\/app\/wp-json\/wp\/v2\/posts\/7574\/revisions"}],"wp:featuredmedia":[{"embeddable":true,"href":"https:\/\/www.newsrecorder.ro\/app\/wp-json\/wp\/v2\/media\/7575"}],"wp:attachment":[{"href":"https:\/\/www.newsrecorder.ro\/app\/wp-json\/wp\/v2\/media?parent=7574"}],"wp:term":[{"taxonomy":"category","embeddable":true,"href":"https:\/\/www.newsrecorder.ro\/app\/wp-json\/wp\/v2\/categories?post=7574"},{"taxonomy":"post_tag","embeddable":true,"href":"https:\/\/www.newsrecorder.ro\/app\/wp-json\/wp\/v2\/tags?post=7574"}],"curies":[{"name":"wp","href":"https:\/\/api.w.org\/{rel}","templated":true}]}}