{"id":7584,"date":"2026-03-10T06:12:08","date_gmt":"2026-03-10T06:12:08","guid":{"rendered":"https:\/\/www.newsrecorder.ro\/app\/2026\/03\/10\/john-axelrod-dirijorul-american-cu-bagheta-lui-leonard-bernstein-la-bucuresti\/"},"modified":"2026-03-10T06:12:08","modified_gmt":"2026-03-10T06:12:08","slug":"john-axelrod-dirijorul-american-cu-bagheta-lui-leonard-bernstein-la-bucuresti","status":"publish","type":"post","link":"https:\/\/www.newsrecorder.ro\/app\/2026\/03\/10\/john-axelrod-dirijorul-american-cu-bagheta-lui-leonard-bernstein-la-bucuresti\/","title":{"rendered":"John Axelrod, dirijorul american cu bagheta lui Leonard Bernstein, la Bucure\u0219ti!"},"content":{"rendered":"<p>Vineri, la Sala Radio, dirijorul american John Axelrod va sus\u021bine un concert deosebit \u00een care va interpreta Simfonia a IX-a de Gustav Mahler. Acest eveniment este special nu doar pentru Axelrod, ci \u0219i pentru publicul rom\u00e2n, deoarece dirijorul va folosi bagheta primit\u0103 \u00een dar de la mentorul s\u0103u, celebrul Leonard Bernstein, conform informa\u021biilor furnizate de Rador.<\/p>\n<p>Importan\u021ba acestui concert este amplificat\u0103 de faptul c\u0103 pentru Axelrod, anul 2026 va marca 60 de ani de via\u021b\u0103 \u0219i 30 de ani de carier\u0103 interna\u021bional\u0103. O carier\u0103 notabil\u0103, care include dirijarea a peste 200 de orchestre la nivel mondial \u0219i 65 de premiere mondiale.<\/p>\n<p>Axelrod a \u00eenv\u0103\u021bat detaliile subtile ale Simfoniei a IX-a direct de la Leonard Bernstein, una dintre cele mai mari personalit\u0103\u021bi care a promovat muzica lui Mahler \u00een secolul XX. Bernstein considera aceast\u0103 lucrare o adev\u0103rat\u0103 despedire a compozitorului de via\u021b\u0103, afirm\u00e2nd c\u0103 \u201eMahler pare s\u0103 \u00ee\u0219i ia r\u0103mas bun de la via\u021ba \u00eens\u0103\u0219i\u201d atunci c\u00e2nd se refera la partitura acestei simfonii.<\/p>\n<p>John Axelrod a absolvit Harvard University \u00een 1988, unde a studiat sub \u00eendrumarea lui Bernstein. Ulterior, a continuat s\u0103-\u0219i perfec\u021bioneze abilit\u0103\u021bile la Conservatorul din Sankt Petersburg, sub \u00eendrumarea profesorului Ilya Musin. Debutul s\u0103u profesional a avut loc \u00een anul 2000, c\u00e2nd a fost dirijor asistent la \u201eParsifal\u201d, \u00een cadrul Festivalului de la Beirut.<\/p>\n<p>\u00cen prezent, Axelrod ocup\u0103 func\u021bia de director muzical \u0219i dirijor principal al Swiss National Orchestra, din 2023. De asemenea, el colaboreaz\u0103 cu Orchestra Simfonic\u0103 Bucure\u0219ti, unde \u00eendepline\u0219te rolul de dirijor principal.<\/p>\n<p>Pe l\u00e2ng\u0103 cariera sa muzical\u0103, Axelrod este cunoscut \u0219i pentru pasiunea sa pentru gastronomie \u0219i vinuri de colec\u021bie. Aceast\u0103 latur\u0103 a personalit\u0103\u021bii sale este promovat\u0103 prin intermediul blogului \u0219i canalului s\u0103u de YouTube, \u201eThe Conductor in the Kitchen\u201d, unde combin\u0103 muzica cu arta culinar\u0103 \u00eentr-un mod creativ \u0219i captivant.<\/p>\n","protected":false},"excerpt":{"rendered":"<p>Vineri, la Sala Radio, dirijorul american John Axelrod va sus\u021bine un concert deosebit \u00een care va interpreta Simfonia a IX-a de Gustav Mahler. Acest eveniment este special nu doar pentru Axelrod, ci \u0219i pentru publicul rom\u00e2n, deoarece dirijorul va folosi bagheta primit\u0103 \u00een dar de la mentorul s\u0103u, celebrul Leonard Bernstein, conform informa\u021biilor furnizate de [&hellip;]<\/p>\n","protected":false},"author":7,"featured_media":7585,"comment_status":"open","ping_status":"open","sticky":false,"template":"","format":"standard","meta":{"jnews-multi-image_gallery":[],"jnews_single_post":[],"jnews_primary_category":[],"jnews_override_counter":[],"footnotes":""},"categories":[43],"tags":[10414,586,10411,10409,10412,1965,10413,10410],"class_list":["post-7584","post","type-post","status-publish","format-standard","has-post-thumbnail","hentry","category-cultura","tag-cariera-internationala","tag-concert","tag-gustav-mahler","tag-john-axelrod","tag-leonard-bernstein","tag-muzica-clasica","tag-sala-radio","tag-simfonia-a-ix-a"],"_links":{"self":[{"href":"https:\/\/www.newsrecorder.ro\/app\/wp-json\/wp\/v2\/posts\/7584","targetHints":{"allow":["GET"]}}],"collection":[{"href":"https:\/\/www.newsrecorder.ro\/app\/wp-json\/wp\/v2\/posts"}],"about":[{"href":"https:\/\/www.newsrecorder.ro\/app\/wp-json\/wp\/v2\/types\/post"}],"author":[{"embeddable":true,"href":"https:\/\/www.newsrecorder.ro\/app\/wp-json\/wp\/v2\/users\/7"}],"replies":[{"embeddable":true,"href":"https:\/\/www.newsrecorder.ro\/app\/wp-json\/wp\/v2\/comments?post=7584"}],"version-history":[{"count":0,"href":"https:\/\/www.newsrecorder.ro\/app\/wp-json\/wp\/v2\/posts\/7584\/revisions"}],"wp:featuredmedia":[{"embeddable":true,"href":"https:\/\/www.newsrecorder.ro\/app\/wp-json\/wp\/v2\/media\/7585"}],"wp:attachment":[{"href":"https:\/\/www.newsrecorder.ro\/app\/wp-json\/wp\/v2\/media?parent=7584"}],"wp:term":[{"taxonomy":"category","embeddable":true,"href":"https:\/\/www.newsrecorder.ro\/app\/wp-json\/wp\/v2\/categories?post=7584"},{"taxonomy":"post_tag","embeddable":true,"href":"https:\/\/www.newsrecorder.ro\/app\/wp-json\/wp\/v2\/tags?post=7584"}],"curies":[{"name":"wp","href":"https:\/\/api.w.org\/{rel}","templated":true}]}}