{"id":7588,"date":"2026-03-10T06:12:51","date_gmt":"2026-03-10T06:12:51","guid":{"rendered":"https:\/\/www.newsrecorder.ro\/app\/2026\/03\/10\/tvr-in-pericol-emisia-ar-putea-fi-intrerupta-dupa-70-de-ani\/"},"modified":"2026-03-10T06:12:51","modified_gmt":"2026-03-10T06:12:51","slug":"tvr-in-pericol-emisia-ar-putea-fi-intrerupta-dupa-70-de-ani","status":"publish","type":"post","link":"https:\/\/www.newsrecorder.ro\/app\/2026\/03\/10\/tvr-in-pericol-emisia-ar-putea-fi-intrerupta-dupa-70-de-ani\/","title":{"rendered":"TVR \u00een pericol: Emisia ar putea fi \u00eentrerupt\u0103 dup\u0103 70 de ani!"},"content":{"rendered":"<p>Luni, 9 martie, Palatul Parlamentului a fost scena unei \u00eent\u00e2lniri importante \u00eentre Adriana S\u0103ftoiu, Pre\u0219edinte-Director General al <a href=\"https:\/\/www.mediafax.ro\/?s=TVR\">SRTv<\/a>, \u0219i Gheorghe-Ioan Bota, Pre\u0219edintele Comisiei pentru Cultur\u0103 \u0219i Media a Senatului Rom\u00e2niei. La discu\u021bii au participat \u0219i membri ai Consiliului de Administra\u021bie al SRTv.<\/p>\n<p>Principalul subiect al \u00eent\u00e2lnirii a fost reprezentat de amendamentele propuse de conducerea Televiziunii Rom\u00e2ne la proiectul de buget al institu\u021biei, cu scopul de a solicita suplimentarea finan\u021b\u0103rii pentru anul 2026. Aceste amendamente sunt esen\u021biale pentru realizarea unor investi\u021bii necesare ce vor asigura continuitatea emisiunii \u0219i \u00eendeplinirea misiunii publice a televiziunii.<\/p>\n<p>Printre cei prezen\u021bi din partea SRTv s-au num\u0103rat Adriana S\u0103ftoiu, Monica Ghiurco, Catrinel Paula Trofin, Radu Carp, Cristinel Godinac \u0219i Sorin Toric\u0103, membri ai Consiliului de Administra\u021bie, al\u0103turi de Mihaela Woytovict, director interimar al Direc\u021biei Economice, conform unui comunicat oficial.<\/p>\n<h2>Investi\u021bii prioritare pentru continuitatea emisiei<\/h2>\n<p>Pe agenda SRTv, una dintre cele mai urgente priorit\u0103\u021bi este modernizarea sistemului de produc\u021bie digital\u0103 a \u0219tirilor. Aceast\u0103 investi\u021bie este crucial\u0103 pentru \u00eenlocuirea infrastructurii Direc\u021biei \u0218tiri \u0219i Sport, care se afl\u0103 \u00eentr-o stare avansat\u0103 de uzur\u0103 tehnologic\u0103. F\u0103r\u0103 o interven\u021bie rapid\u0103, SRTv risc\u0103 s\u0103 interup\u0103 produc\u021bia \u0219i difuzarea programelor de \u0219tiri, afect\u00e2nd astfel serviciul public de televiziune.<\/p>\n<p><strong>Printre alte investi\u021bii propuse se num\u0103r\u0103:<\/strong><\/p>\n<ul>\n<li>Retehnologizarea Studiourilor Teritoriale pentru a elimina discrepan\u021bele \u00eentre produc\u021bia HD \u0219i emisia SD.<\/li>\n<li>Sistem de automatizare a emisiunii pentru canale tematice \u0219i interna\u021bionale, care va reduce riscul de defec\u021biuni \u0219i va asigura continuitatea emisiei.<\/li>\n<li>Sistem de transport al semnalului HD prin internet public, cu \u00eent\u00e2rziere minim\u0103, pentru a reduce \u00eent\u00e2rzierile \u0219i erorile de sincronizare audio-video.<\/li>\n<li>Sistem modular pentru crearea de profile de emisie destinate satelitului, cablului \u0219i digitalului terestru, \u00eenlocuind o platform\u0103 de procesare a semnalului aflat\u0103 \u00eentr-un stadiu avansat de degradare tehnic\u0103.<\/li>\n<li>Modernizarea infrastructurii serverelor \u0219i a sistemelor de stocare a datelor, pentru a proteja patrimoniul digital \u0219i a \u00eembun\u0103t\u0103\u021bi performan\u021ba fluxurilor de lucru digitale.<\/li>\n<\/ul>\n<h2>Sus\u021binere parlamentar\u0103 pentru finan\u021bare<\/h2>\n<p>Adriana S\u0103ftoiu a subliniat c\u0103 bugetul actual nu permite realizarea acestor investi\u021bii esen\u021biale, din cei 500 de milioane de lei aloca\u021bi anual, aproximativ 395 de milioane fiind destina\u021bi fondului salarial.<\/p>\n<p>Gheorghe-Ioan Bota a declarat c\u0103 este deschis s\u0103 sus\u021bin\u0103 o suplimentare a bugetului pentru modernizare \u0219i reabilitare, subliniind c\u0103 finan\u021barea va viza exclusiv investi\u021bii critice \u0219i nu majorarea fondului de salarii.<\/p>\n<p>Amendamentele au fost elaborate de un grup de lucru constituit \u00een cadrul \u0219edin\u021bei Consiliului de Administra\u021bie din 18 februarie \u0219i urmeaz\u0103 s\u0103 fie prezentate Comisiilor de specialitate \u00eenainte de votarea bugetului Rom\u00e2niei.<\/p>\n","protected":false},"excerpt":{"rendered":"<p>Luni, 9 martie, Palatul Parlamentului a fost scena unei \u00eent\u00e2lniri importante \u00eentre Adriana S\u0103ftoiu, Pre\u0219edinte-Director General al SRTv, \u0219i Gheorghe-Ioan Bota, Pre\u0219edintele Comisiei pentru Cultur\u0103 \u0219i Media a Senatului Rom\u00e2niei. La discu\u021bii au participat \u0219i membri ai Consiliului de Administra\u021bie al SRTv. Principalul subiect al \u00eent\u00e2lnirii a fost reprezentat de amendamentele propuse de conducerea Televiziunii [&hellip;]<\/p>\n","protected":false},"author":7,"featured_media":7589,"comment_status":"open","ping_status":"open","sticky":false,"template":"","format":"standard","meta":{"jnews-multi-image_gallery":[],"jnews_single_post":[],"jnews_primary_category":[],"jnews_override_counter":[],"footnotes":""},"categories":[43],"tags":[10419,1068,214,367,2608,420,6118,10418],"class_list":["post-7588","post","type-post","status-publish","format-standard","has-post-thumbnail","hentry","category-cultura","tag-amendamente","tag-buget","tag-cultura","tag-finantare","tag-intalnire","tag-investitii","tag-media","tag-srtv"],"_links":{"self":[{"href":"https:\/\/www.newsrecorder.ro\/app\/wp-json\/wp\/v2\/posts\/7588","targetHints":{"allow":["GET"]}}],"collection":[{"href":"https:\/\/www.newsrecorder.ro\/app\/wp-json\/wp\/v2\/posts"}],"about":[{"href":"https:\/\/www.newsrecorder.ro\/app\/wp-json\/wp\/v2\/types\/post"}],"author":[{"embeddable":true,"href":"https:\/\/www.newsrecorder.ro\/app\/wp-json\/wp\/v2\/users\/7"}],"replies":[{"embeddable":true,"href":"https:\/\/www.newsrecorder.ro\/app\/wp-json\/wp\/v2\/comments?post=7588"}],"version-history":[{"count":0,"href":"https:\/\/www.newsrecorder.ro\/app\/wp-json\/wp\/v2\/posts\/7588\/revisions"}],"wp:featuredmedia":[{"embeddable":true,"href":"https:\/\/www.newsrecorder.ro\/app\/wp-json\/wp\/v2\/media\/7589"}],"wp:attachment":[{"href":"https:\/\/www.newsrecorder.ro\/app\/wp-json\/wp\/v2\/media?parent=7588"}],"wp:term":[{"taxonomy":"category","embeddable":true,"href":"https:\/\/www.newsrecorder.ro\/app\/wp-json\/wp\/v2\/categories?post=7588"},{"taxonomy":"post_tag","embeddable":true,"href":"https:\/\/www.newsrecorder.ro\/app\/wp-json\/wp\/v2\/tags?post=7588"}],"curies":[{"name":"wp","href":"https:\/\/api.w.org\/{rel}","templated":true}]}}