{"id":759,"date":"2026-01-28T11:04:38","date_gmt":"2026-01-28T11:04:38","guid":{"rendered":"https:\/\/www.newsrecorder.ro\/app\/2026\/01\/28\/alba-blaj-se-confrunta-cu-campioana-mondiala-savino-del-bene-in-liga-campionilor\/"},"modified":"2026-01-28T11:04:38","modified_gmt":"2026-01-28T11:04:38","slug":"alba-blaj-se-confrunta-cu-campioana-mondiala-savino-del-bene-in-liga-campionilor","status":"publish","type":"post","link":"https:\/\/www.newsrecorder.ro\/app\/2026\/01\/28\/alba-blaj-se-confrunta-cu-campioana-mondiala-savino-del-bene-in-liga-campionilor\/","title":{"rendered":"Alba Blaj se confrunt\u0103 cu campioana mondial\u0103 Savino Del Bene \u00een Liga Campionilor!"},"content":{"rendered":"<p>Volei Alba Blaj se preg\u0103te\u0219te s\u0103 \u00eent\u00e2lneasc\u0103 Savino Del Bene Scandicci pentru a patra oar\u0103 \u00een istoria recent\u0103 a confrunt\u0103rilor interna\u021bionale. Aceast\u0103 \u00eent\u00e2lnire promite a fi una captivant\u0103, av\u00e2nd \u00een vedere rezultatele anterioare dintre cele dou\u0103 echipe.<\/p>\n<p>De fiecare dat\u0103 c\u00e2nd s-au \u00eent\u00e2lnit p\u00e2n\u0103 acum, echipa italian\u0103 a ie\u0219it victorioas\u0103. Cu un scor de 3-1 \u00een meciul disputat la T\u00e2rgu Mure\u0219 \u0219i 3-0 \u00een finala Cupei CEV 2023 de la Floren\u021ba, Savino Del Bene Scandicci a demonstrat o form\u0103 superioar\u0103. De asemenea, \u00een prima etap\u0103 a Grupei A din Champions League, pe 27 noiembrie 2025, ace\u0219tia s-au impus din nou cu 3-0.<\/p>\n<p>Venind la Blaj, Savino Del Bene Scandicci se prezint\u0103 cu un statut impresionant: au c\u00e2\u0219tigat titlul de campioni mondiali ai cluburilor \u00een decembrie 2025, \u00een cadrul competi\u021biei desf\u0103\u0219urate la S\u00e3o Paulo, Brazilia, unde au \u00eenvins-o pe Imoco Conegliano, de\u021bin\u0103toarea Ligii Campionilor, cu 3-1.<\/p>\n<p>Cu toate acestea, echipa italian\u0103 a suferit o \u00eenfr\u00e2ngere recent\u0103, pierz\u00e2nd dramatic finala Cupei Italiei la Torino, \u00een fa\u021ba acelea\u0219i echipe, Imoco Conegliano, cu un scor de 0-3 (29-31, 24-26, 25-27).<\/p>\n<p>Pe plan interna\u021bional, Savino Del Bene Scandicci se poate m\u00e2ndri cu un palmares remarcabil, incluz\u00e2nd Cupa Challenge c\u00e2\u0219tigat\u0103 \u00een 2022, Cupa CEV din 2023 \u0219i titlul de campioni mondiali din 2025.<\/p>\n<p>\u00cen aceea\u0219i zi, alte dou\u0103 echipe rom\u00e2ne\u0219ti se afl\u0103 \u00een ac\u021biune pe scena european\u0103, dar la volei masculin. Ambele meciuri se vor desf\u0103\u0219ura pe teren rom\u00e2nesc.<\/p>\n<p>\u00cen CEV Cup, Corona Bra\u0219ov se afl\u0103 \u00eentr-o situa\u021bie delicat\u0103, dup\u0103 ce a pierdut prima man\u0219\u0103 a optimilor de final\u0103 cu 0-3 \u00een fa\u021ba echipei olandeze Orion Stars Doetinchem. Ace\u0219tia sunt lideri \u00een campionatul intern, av\u00e2nd 12 victorii din tot at\u00e2tea meciuri. Pentru a avea \u0219anse de calificare, Corona trebuie s\u0103 c\u00e2\u0219tige cu 3-0 sau 3-1, ceea ce le-ar permite s\u0103 for\u021beze un set de aur.<\/p>\n<p>Meciul este programat s\u0103 \u00eenceap\u0103 la ora 19:00.<\/p>\n<p>De asemenea, \u00een Challenge Cup, SCM Zal\u0103u se preg\u0103te\u0219te pentru o provocare major\u0103 \u00een returul optimilor de final\u0103, confrunt\u00e2ndu-se cu elve\u021bienii de la Volley Nafels. Dup\u0103 o \u00eenfr\u00e2ngere sever\u0103 \u00een prima man\u0219\u0103, cu 0-3, echipa s\u0103l\u0103jean\u0103 are nevoie de o victorie cu 3-0 sau 3-1 pentru a spera la o calificare \u00een faza urm\u0103toare.<\/p>\n<p>Meciul este programat s\u0103 \u00eenceap\u0103 la ora 18:00.<\/p>\n","protected":false},"excerpt":{"rendered":"<p>Volei Alba Blaj se preg\u0103te\u0219te s\u0103 \u00eent\u00e2lneasc\u0103 Savino Del Bene Scandicci pentru a patra oar\u0103 \u00een istoria recent\u0103 a confrunt\u0103rilor interna\u021bionale. Aceast\u0103 \u00eent\u00e2lnire promite a fi una captivant\u0103, av\u00e2nd \u00een vedere rezultatele anterioare dintre cele dou\u0103 echipe. De fiecare dat\u0103 c\u00e2nd s-au \u00eent\u00e2lnit p\u00e2n\u0103 acum, echipa italian\u0103 a ie\u0219it victorioas\u0103. Cu un scor de 3-1 [&hellip;]<\/p>\n","protected":false},"author":6,"featured_media":760,"comment_status":"open","ping_status":"open","sticky":false,"template":"","format":"standard","meta":{"jnews-multi-image_gallery":[],"jnews_single_post":[],"jnews_primary_category":[],"jnews_override_counter":[],"footnotes":""},"categories":[46],"tags":[1380,1385,1384,1382,1383,1386,1381,1379],"class_list":["post-759","post","type-post","status-publish","format-standard","has-post-thumbnail","hentry","category-sport","tag-alba-blaj","tag-campioni-mondiali","tag-champions-league","tag-confruntari-internationale","tag-cupe-europene","tag-imoco-conegliano","tag-savino-del-bene-scandicci","tag-volei"],"_links":{"self":[{"href":"https:\/\/www.newsrecorder.ro\/app\/wp-json\/wp\/v2\/posts\/759","targetHints":{"allow":["GET"]}}],"collection":[{"href":"https:\/\/www.newsrecorder.ro\/app\/wp-json\/wp\/v2\/posts"}],"about":[{"href":"https:\/\/www.newsrecorder.ro\/app\/wp-json\/wp\/v2\/types\/post"}],"author":[{"embeddable":true,"href":"https:\/\/www.newsrecorder.ro\/app\/wp-json\/wp\/v2\/users\/6"}],"replies":[{"embeddable":true,"href":"https:\/\/www.newsrecorder.ro\/app\/wp-json\/wp\/v2\/comments?post=759"}],"version-history":[{"count":0,"href":"https:\/\/www.newsrecorder.ro\/app\/wp-json\/wp\/v2\/posts\/759\/revisions"}],"wp:featuredmedia":[{"embeddable":true,"href":"https:\/\/www.newsrecorder.ro\/app\/wp-json\/wp\/v2\/media\/760"}],"wp:attachment":[{"href":"https:\/\/www.newsrecorder.ro\/app\/wp-json\/wp\/v2\/media?parent=759"}],"wp:term":[{"taxonomy":"category","embeddable":true,"href":"https:\/\/www.newsrecorder.ro\/app\/wp-json\/wp\/v2\/categories?post=759"},{"taxonomy":"post_tag","embeddable":true,"href":"https:\/\/www.newsrecorder.ro\/app\/wp-json\/wp\/v2\/tags?post=759"}],"curies":[{"name":"wp","href":"https:\/\/api.w.org\/{rel}","templated":true}]}}