{"id":7590,"date":"2026-03-10T06:13:26","date_gmt":"2026-03-10T06:13:26","guid":{"rendered":"https:\/\/www.newsrecorder.ro\/app\/2026\/03\/10\/dan-barna-europa-romania-si-miza-strategica-pentru-moldova\/"},"modified":"2026-03-10T06:13:26","modified_gmt":"2026-03-10T06:13:26","slug":"dan-barna-europa-romania-si-miza-strategica-pentru-moldova","status":"publish","type":"post","link":"https:\/\/www.newsrecorder.ro\/app\/2026\/03\/10\/dan-barna-europa-romania-si-miza-strategica-pentru-moldova\/","title":{"rendered":"Dan Barna: Europa, Rom\u00e2nia \u0219i miza strategic\u0103 pentru Moldova!"},"content":{"rendered":"<p>\u00cen s\u0103pt\u0103m\u00e2na aceasta, la Strasbourg, mai multe subiecte de maxim\u0103 importan\u021b\u0103 sunt discutate \u00een cadrul dezbaterilor europene. Printre acestea se num\u0103r\u0103 <a href=\"https:\/\/www.europarl.europa.eu\/news\/en\/agenda\/plenary-news\/2026-03-09\/0\/debate-on-the-situation-in-the-middle-east-and-the-19-20-march-eu-summit\">conflictul din Orientul Mijlociu<\/a>, intensificarea atacurilor \u00eempotriva Iranului, <a href=\"https:\/\/www.europarl.europa.eu\/RegData\/etudes\/ATAG\/2026\/782673\/EPRS_ATA(2026)782673_EN.pdf\">strategia de extindere a Uniunii Europene<\/a> \u0219i viitorul <a href=\"https:\/\/www.europarl.europa.eu\/RegData\/etudes\/BRIE\/2026\/782646\/EPRS_BRI(2026)782646_EN.pdf\">bugetului multianual pentru perioada 2028-2034<\/a>. Aceste teme reflect\u0103 complexitatea \u0219i provoc\u0103rile cu care se confrunt\u0103 Uniunea European\u0103 \u00een prezent.<\/p>\n<p>\u00centr-un context geopolitic marcat de conflicte \u0219i reafirm\u0103ri de putere, Uniunea European\u0103 caut\u0103 s\u0103 \u00ee\u0219i redefineasc\u0103 rolul \u0219i instrumentele de ac\u021biune. Membrii Parlamentului European abordeaz\u0103 subiecte care vizeaz\u0103 direc\u021bia strategic\u0103 a blocului comunitar, de la securitate \u0219i politic\u0103 extern\u0103, p\u00e2n\u0103 la modul \u00een care vor fi distribuite resursele financiare \u00een urm\u0103torul deceniu.<\/p>\n<p>\u00centr-un interviu exclusiv pentru MEDIAFAX, <a href=\"https:\/\/www.mediafax.ro\/politic\/dan-barna-romania-e-tot-mai-puternica-pe-flancul-estic-dar-risca-sa-piarda-bani-europeni-daca-proiectele-intarzie-23694132\">Dan Barna<\/a>, europarlamentar \u0219i membru al Comisiei pentru Afaceri Externe a Parlamentului European, analizeaz\u0103 intersec\u021bia dintre crizele actuale \u0219i deciziile strategice, descriind acest moment ca fiind unul definitoriu pentru Uniunea European\u0103.<\/p>\n<h2>Conflictul din Orientul Mijlociu \u0219i pozi\u021bia Europei<\/h2>\n<p>Escaladarea conflictului dintre Statele Unite, Israel \u0219i Iran a readus Orientul Mijlociu \u00een centrul aten\u021biei interna\u021bionale. Dan Barna subliniaz\u0103 c\u0103 r\u0103zboiul \u00een curs este rezultatul unei serii lungi de evenimente. \u201eEste un conflict care a evoluat dintr-o situa\u021bie \u00eendelungat\u0103. \u00cen Iran, guvernul s-a radicalizat, devenind un sponsor recunoscut al terorismului \u0219i ucig\u00e2nd, \u00een ultimele luni, mii de cet\u0103\u021beni \u00een urma protestelor interne\u201d, a afirmat acesta.<\/p>\n<p>Europarlamentarul a ad\u0103ugat c\u0103 aceast\u0103 realitate a contribuit la intensificarea disputelor geopolitice, care au ajuns la un nivel alarmant, f\u0103r\u0103 o solu\u021bionare \u00een viitorul apropiat. \u00cen acest context, scopul principal al statelor europene este de a-\u0219i proteja cet\u0103\u021benii \u0219i a ap\u0103ra interesele strategice, o preocupare comun\u0103 \u0219i pentru Rom\u00e2nia.<\/p>\n<p>\u201eRom\u00e2nia, ca membr\u0103 a Uniunii Europene \u0219i a NATO, are responsabilitatea de a-\u0219i proteja cet\u0103\u021benii \u0219i de a-\u0219i ap\u0103ra interesele \u00een regiune. Suntem cunoscu\u021bi pentru rela\u021biile noastre de lung\u0103 durat\u0103 cu statele din Orientul Mijlociu, av\u00e2nd un rol de broker de dialog\u201d, a explicat Barna.<\/p>\n<p>Printre priorit\u0103\u021bile actuale ale statelor europene se num\u0103r\u0103 asisten\u021ba consular\u0103 \u0219i repatrierea cet\u0103\u021benilor afecta\u021bi de conflict. \u201eAm v\u0103zut \u00een ultimele zile mii de rom\u00e2ni \u00eentorc\u00e2ndu-se acas\u0103, ceea ce este firesc. Toate statele europene sunt acum angajate \u00een acest proces, av\u00e2nd \u00een vedere evolu\u021biile dificile din Orient\u201d, a concluzionat Dan Barna.<\/p>\n<h2>Dezbaterea despre umbrela nuclear\u0103 european\u0103<\/h2>\n<p>\u00cen ceea ce prive\u0219te securitatea nuclear\u0103 european\u0103, pre\u0219edintele Nicu\u0219or Dan a afirmat c\u0103 Rom\u00e2nia beneficiaz\u0103 deja de protec\u021bia NATO, dar discu\u021biile la nivel european continu\u0103. \u201eUmbrela de protec\u021bie nuclear\u0103 este un subiect complex. Rom\u00e2nia este acoperit\u0103 de scutul de la Deveselu \u0219i beneficiaz\u0103 de protec\u021bia umbrelei nucleare americane\u201d, a explicat acesta.<\/p>\n<p>Dan Barna a subliniat c\u0103 declara\u021biile pre\u0219edintelui Dan confirm\u0103 faptul c\u0103 Rom\u00e2nia este \u00een proces de analizare a celor mai sigure decizii \u00een acest domeniu.<\/p>\n<h2>Republica Moldova \u0219i perspectiva ader\u0103rii la UE<\/h2>\n<p>Agenda european\u0103 include \u0219i extinderea Uniunii Europene, \u00een special \u00een ceea ce prive\u0219te <a href=\"https:\/\/www.mediafax.ro\/politic\/maia-sandu-intalniri-la-munchen-pentru-securitatea-si-integrarea-europeana-a-republicii-moldova-23687006\">Republica Moldova<\/a> \u0219i Ucraina. Dan Barna a subliniat c\u0103 aderarea Chi\u0219in\u0103ului la Uniune este un scenariu realist. \u201eAp\u0103rarea Europei depinde de un flanc estic puternic, ceea ce implic\u0103 extinderea Uniunii c\u0103tre Ucraina \u0219i Moldova\u201d, a spus el.<\/p>\n<p>Rom\u00e2nia joac\u0103 un rol esen\u021bial \u00een acest proces, fiind principalul sus\u021bin\u0103tor al ader\u0103rii Moldovei la UE. \u201eExist\u0103 o component\u0103 simbolic\u0103 important\u0103 \u00een aceast\u0103 sus\u021binere: unirea Rom\u00e2niei \u0219i Moldovei sub umbrela european\u0103\u201d, a ad\u0103ugat eurodeputatul.<\/p>\n<h2>Reforma bugetului european<\/h2>\n<p>Un alt subiect crucial este viitorul buget multianual al Uniunii Europene pentru perioada 2028-2034, care este \u00een centrul discu\u021biilor. La Strasbourg, se vor vota priorit\u0103\u021bile bugetului. \u201eBugetul european a fost complet reformulat. Avem acum trei piloni majori, cu o propunere de 1.985 miliarde de euro de la Comisia European\u0103\u201d, a detaliat Dan Barna.<\/p>\n<p>Una dintre priorit\u0103\u021bile sale este asigurarea unor fonduri dedicate statelor care aspir\u0103 la aderarea la Uniunea European\u0103. \u201eEste esen\u021bial ca statele precum Moldova \u0219i cele din Balcanii de Vest s\u0103 aib\u0103 aloc\u0103ri financiare clare, predefinite, pentru a \u0219ti pe ce resurse pot conta\u201d, a concluzionat el.<\/p>\n","protected":false},"excerpt":{"rendered":"<p>\u00cen s\u0103pt\u0103m\u00e2na aceasta, la Strasbourg, mai multe subiecte de maxim\u0103 importan\u021b\u0103 sunt discutate \u00een cadrul dezbaterilor europene. Printre acestea se num\u0103r\u0103 conflictul din Orientul Mijlociu, intensificarea atacurilor \u00eempotriva Iranului, strategia de extindere a Uniunii Europene \u0219i viitorul bugetului multianual pentru perioada 2028-2034. Aceste teme reflect\u0103 complexitatea \u0219i provoc\u0103rile cu care se confrunt\u0103 Uniunea European\u0103 \u00een [&hellip;]<\/p>\n","protected":false},"author":2,"featured_media":7591,"comment_status":"open","ping_status":"open","sticky":false,"template":"","format":"standard","meta":{"jnews-multi-image_gallery":[],"jnews_single_post":[],"jnews_primary_category":[],"jnews_override_counter":[],"footnotes":""},"categories":[42],"tags":[8620,10421,9129,380,874,10420,10422,321],"class_list":["post-7590","post","type-post","status-publish","format-standard","has-post-thumbnail","hentry","category-politica","tag-atacuri-iran","tag-buget-multianual","tag-conflict-orientul-mijlociu","tag-politica-externa","tag-securitate","tag-strasbourg","tag-strategia-de-extindere","tag-uniunea-europeana"],"_links":{"self":[{"href":"https:\/\/www.newsrecorder.ro\/app\/wp-json\/wp\/v2\/posts\/7590","targetHints":{"allow":["GET"]}}],"collection":[{"href":"https:\/\/www.newsrecorder.ro\/app\/wp-json\/wp\/v2\/posts"}],"about":[{"href":"https:\/\/www.newsrecorder.ro\/app\/wp-json\/wp\/v2\/types\/post"}],"author":[{"embeddable":true,"href":"https:\/\/www.newsrecorder.ro\/app\/wp-json\/wp\/v2\/users\/2"}],"replies":[{"embeddable":true,"href":"https:\/\/www.newsrecorder.ro\/app\/wp-json\/wp\/v2\/comments?post=7590"}],"version-history":[{"count":0,"href":"https:\/\/www.newsrecorder.ro\/app\/wp-json\/wp\/v2\/posts\/7590\/revisions"}],"wp:featuredmedia":[{"embeddable":true,"href":"https:\/\/www.newsrecorder.ro\/app\/wp-json\/wp\/v2\/media\/7591"}],"wp:attachment":[{"href":"https:\/\/www.newsrecorder.ro\/app\/wp-json\/wp\/v2\/media?parent=7590"}],"wp:term":[{"taxonomy":"category","embeddable":true,"href":"https:\/\/www.newsrecorder.ro\/app\/wp-json\/wp\/v2\/categories?post=7590"},{"taxonomy":"post_tag","embeddable":true,"href":"https:\/\/www.newsrecorder.ro\/app\/wp-json\/wp\/v2\/tags?post=7590"}],"curies":[{"name":"wp","href":"https:\/\/api.w.org\/{rel}","templated":true}]}}