{"id":7608,"date":"2026-03-10T09:06:38","date_gmt":"2026-03-10T09:06:38","guid":{"rendered":"https:\/\/www.newsrecorder.ro\/app\/2026\/03\/10\/australia-ofera-azil-echipei-feminine-de-fotbal-din-iran-cinci-jucatoare-salvate\/"},"modified":"2026-03-10T09:06:38","modified_gmt":"2026-03-10T09:06:38","slug":"australia-ofera-azil-echipei-feminine-de-fotbal-din-iran-cinci-jucatoare-salvate","status":"publish","type":"post","link":"https:\/\/www.newsrecorder.ro\/app\/2026\/03\/10\/australia-ofera-azil-echipei-feminine-de-fotbal-din-iran-cinci-jucatoare-salvate\/","title":{"rendered":"Australia ofer\u0103 azil echipei feminine de fotbal din Iran: cinci juc\u0103toare salvate!"},"content":{"rendered":"<p>Recent, guvernul australian a luat o decizie important\u0103, r\u0103spunz\u00e2nd apelurilor venite din partea grupurilor iraniene din Australia \u0219i a pre\u0219edintelui american Donald Trump. Ace\u0219tia au cerut asisten\u021b\u0103 pentru femeile din echipa na\u021bional\u0103 de fotbal a Iranului, care nu \u0219i-au exprimat public dorin\u021ba de a solicita azil, conform informa\u021biilor furnizate de <a href=\"https:\/\/apnews.com\/article\/iran-womens-soccer-team-trump-australia-asylum-68edc1b5cb2903cffc070639ed1df35c\" target=\"_blank\" rel=\"noopener\">AP<\/a>. Aten\u021bia mass-media a fost captat\u0103 atunci c\u00e2nd juc\u0103toarele nu au c\u00e2ntat imnul iranian \u00eenainte de primul meci al competi\u021biei.<\/p>\n<p>Mar\u021bi diminea\u021ba, cinci dintre juc\u0103toare au fost escortate de ofi\u021beri de poli\u021bie de la hotelul lor din Gold Coast, Australia, \u201e\u00eentr-un loc sigur\u201d, dup\u0103 ce acestea au solicitat azil. \u00cen noua lor loca\u021bie, au avut o \u00eent\u00e2lnire cu ministrul de interne, Tony Burke, care a anun\u021bat finalizarea proces\u0103rii vizelor umanitare, conform declara\u021biilor sale oferite reporterilor din Brisbane.<\/p>\n<p>\u201eNu pot dec\u00e2t s\u0103 \u00eemi imaginez c\u00e2t de dificil\u0103 a fost aceast\u0103 decizie pentru fiecare dintre ele, dar cu siguran\u021b\u0103 asear\u0103 a fost un moment de bucurie \u0219i u\u0219urare\u201d, a afirmat Burke. El a \u00eemp\u0103rt\u0103\u0219it pe re\u021belele sociale imagini cu femeile z\u00e2mbind \u0219i aplaud\u00e2nd \u00een timp ce semnau documentele necesare. \u201eOamenii erau extrem de entuziasma\u021bi s\u0103 \u00eenceap\u0103 o nou\u0103 via\u021b\u0103 \u00een Australia.\u201d<\/p>\n<p>Femeile care au ob\u021binut azil s-au ar\u0103tat deschise s\u0103-\u0219i fac\u0103 publice numele \u0219i fotografiile. Burke a subliniat c\u0103 juc\u0103toarele au dorit s\u0103 sublinieze c\u0103 \u201enu sunt activiste politice\u201d.<\/p>\n<p>Pe de alt\u0103 parte, televiziunea de stat iranian\u0103 a transmis c\u0103 <a href=\"https:\/\/www.mediafax.ro\/economic\/mai-multe-jucatoare-din-echipa-de-fotbal-a-iranului-nu-vor-sa-se-mai-intoarca-in-tara-23699650\" target=\"_blank\" rel=\"noopener\">federa\u021bia de fotbal<\/a> a Iranului a solicitat organismelor interna\u021bionale de fotbal s\u0103 investigheze ceea ce a numit \u201eingerin\u021b\u0103 politic\u0103 direct\u0103 a lui Trump \u00een fotbal\u201d, avertiz\u00e2nd c\u0103 astfel de comentarii ar putea afecta desf\u0103\u0219urarea Cupei Mondiale din 2026, programat\u0103 \u00een America de Nord \u00een luna iunie.<\/p>\n<p>Oferta de azil a fost extins\u0103 tuturor membrilor echipei<\/p>\n<p>Echipa na\u021bional\u0103 feminin\u0103 a Iranului a ajuns \u00een Australia pentru Cupa Asiei luna trecut\u0103, \u00eenainte de izbucnirea conflictului din Iran pe 28 februarie. Dup\u0103 eliminarea din turneu \u00een weekend, juc\u0103toarele se confruntau cu perspectiva \u00eentoarcerii \u00eentr-o \u021bar\u0103 marcat\u0103 de violen\u021b\u0103. Antrenoarea echipei, Marziyeh Jafari, a declarat duminic\u0103 c\u0103 juc\u0103toarele \u201evor s\u0103 se \u00eentoarc\u0103 \u00een Iran c\u00e2t mai cur\u00e2nd posibil\u201d.<\/p>\n<p>Lista oficial\u0103 a echipei includea 26 de juc\u0103toare, al\u0103turi de Jafari \u0219i al\u021bi antrenori. Burke a men\u021bionat c\u0103 oferta de azil a fost extins\u0103 tuturor membrilor echipei, subliniind astfel angajamentul Australiei fa\u021b\u0103 de drepturile omului \u0219i protec\u021bia celor care fug de persecu\u021bii. Aceast\u0103 situa\u021bie subliniaz\u0103 importan\u021ba solidarit\u0103\u021bii interna\u021bionale \u00een fa\u021ba provoc\u0103rilor cu care se confrunt\u0103 persoanele vulnerabile.<\/p>\n","protected":false},"excerpt":{"rendered":"<p>Recent, guvernul australian a luat o decizie important\u0103, r\u0103spunz\u00e2nd apelurilor venite din partea grupurilor iraniene din Australia \u0219i a pre\u0219edintelui american Donald Trump. Ace\u0219tia au cerut asisten\u021b\u0103 pentru femeile din echipa na\u021bional\u0103 de fotbal a Iranului, care nu \u0219i-au exprimat public dorin\u021ba de a solicita azil, conform informa\u021biilor furnizate de AP. Aten\u021bia mass-media a fost [&hellip;]<\/p>\n","protected":false},"author":2,"featured_media":7609,"comment_status":"open","ping_status":"open","sticky":false,"template":"","format":"standard","meta":{"jnews-multi-image_gallery":[],"jnews_single_post":[],"jnews_primary_category":[],"jnews_override_counter":[],"footnotes":""},"categories":[41],"tags":[9322,10446,10447,10451,10445,10448,10449,10450],"class_list":["post-7608","post","type-post","status-publish","format-standard","has-post-thumbnail","hentry","category-externe","tag-azil","tag-echipa-nationala-de-fotbal","tag-femei-iraniene","tag-gold-coast","tag-guvernul-australian","tag-imnul-iranian","tag-tony-burke","tag-vize-umanitare"],"_links":{"self":[{"href":"https:\/\/www.newsrecorder.ro\/app\/wp-json\/wp\/v2\/posts\/7608","targetHints":{"allow":["GET"]}}],"collection":[{"href":"https:\/\/www.newsrecorder.ro\/app\/wp-json\/wp\/v2\/posts"}],"about":[{"href":"https:\/\/www.newsrecorder.ro\/app\/wp-json\/wp\/v2\/types\/post"}],"author":[{"embeddable":true,"href":"https:\/\/www.newsrecorder.ro\/app\/wp-json\/wp\/v2\/users\/2"}],"replies":[{"embeddable":true,"href":"https:\/\/www.newsrecorder.ro\/app\/wp-json\/wp\/v2\/comments?post=7608"}],"version-history":[{"count":0,"href":"https:\/\/www.newsrecorder.ro\/app\/wp-json\/wp\/v2\/posts\/7608\/revisions"}],"wp:featuredmedia":[{"embeddable":true,"href":"https:\/\/www.newsrecorder.ro\/app\/wp-json\/wp\/v2\/media\/7609"}],"wp:attachment":[{"href":"https:\/\/www.newsrecorder.ro\/app\/wp-json\/wp\/v2\/media?parent=7608"}],"wp:term":[{"taxonomy":"category","embeddable":true,"href":"https:\/\/www.newsrecorder.ro\/app\/wp-json\/wp\/v2\/categories?post=7608"},{"taxonomy":"post_tag","embeddable":true,"href":"https:\/\/www.newsrecorder.ro\/app\/wp-json\/wp\/v2\/tags?post=7608"}],"curies":[{"name":"wp","href":"https:\/\/api.w.org\/{rel}","templated":true}]}}