{"id":7612,"date":"2026-03-10T09:08:03","date_gmt":"2026-03-10T09:08:03","guid":{"rendered":"https:\/\/www.newsrecorder.ro\/app\/2026\/03\/10\/iranul-ataca-arabia-saudita-si-kuweit-cu-drone-in-criza-din-orient\/"},"modified":"2026-03-10T09:08:03","modified_gmt":"2026-03-10T09:08:03","slug":"iranul-ataca-arabia-saudita-si-kuweit-cu-drone-in-criza-din-orient","status":"publish","type":"post","link":"https:\/\/www.newsrecorder.ro\/app\/2026\/03\/10\/iranul-ataca-arabia-saudita-si-kuweit-cu-drone-in-criza-din-orient\/","title":{"rendered":"Iranul atac\u0103 Arabia Saudit\u0103 \u0219i Kuweit cu drone \u00een criza din Orient!"},"content":{"rendered":"<p>Ministerul Ap\u0103r\u0103rii din Arabia Saudit\u0103 a informat c\u0103 for\u021bele sale au reu\u0219it s\u0103 intercepteze drone care zburau deasupra regiunii estice a \u021b\u0103rii, una dintre cele mai bogate \u00een petrol. De asemenea, Garda Na\u021bional\u0103 din Kuweit a anun\u021bat c\u0103 a dobor\u00e2t mai multe drone \u00een nordul \u0219i sudul \u021b\u0103rii, ac\u021bion\u00e2nd eficient pentru a preveni eventuale pagube, conform unui raport de la <a href=\"https:\/\/www.euronews.com\/2026\/03\/10\/tehran-fires-barrage-of-drones-at-neighbouring-saudi-arabia-and-kuwait-as-iran-war-enters-\" target=\"_blank\" rel=\"noopener\">Euronews<\/a>.<\/p>\n<p>Din fericire, nu s-au \u00eenregistrat victime sau distrugeri semnificative ca urmare a acestor atacuri.<\/p>\n<p>Aceste incidente au loc \u00een contextul escalad\u0103rii conflictului care a \u00eenceput la sf\u00e2r\u0219itul lunii februarie, c\u00e2nd Statele Unite \u0219i Israelul au efectuat lovituri aeriene asupra Iranului. R\u0103spunsul Iranului a fost unul agresiv, cu atacuri cu drone \u0219i rachete desf\u0103\u0219urate \u00een diverse loca\u021bii din regiune, ceea ce a dus la o cre\u0219tere constant\u0103 a tensiunilor \u00een Orientul Mijlociu.<\/p>\n<p>Impactul acestui conflict s-a resim\u021bit \u0219i pe pie\u021bele interna\u021bionale, gener\u00e2nd fluctua\u021bii ale pre\u021bului petrolului \u0219i instabilitate pe pie\u021bele financiare globale.<\/p>\n<p>\u00cen acest context, pre\u0219edintele american Donald Trump a oferit luni mesaje contradictorii cu privire la durata r\u0103zboiului. \u00centr-un discurs sus\u021binut \u00een Florida, \u00een fa\u021ba unor parlamentari republicani, Trump a declarat c\u0103 opera\u021biunea militar\u0103 din Orientul Mijlociu se va \u00eencheia \u201efoarte cur\u00e2nd\u201d. Cu toate acestea, ulterior, \u00een cadrul altui eveniment, a afirmat c\u0103 r\u0103zboiul va continua at\u00e2t timp c\u00e2t va fi necesar pentru a atinge obiectivele stabilite de Washington.<\/p>\n<p>Trump a justificat interven\u021bia militar\u0103, subliniind c\u0103 aceasta este esen\u021bial\u0103 pentru protejarea alia\u021bilor Statelor Unite \u0219i a intereselor americane \u00een regiune. De asemenea, el a sus\u021binut, f\u0103r\u0103 a prezenta dovezi concrete, c\u0103 Iranul ar \u00eencerca s\u0103 \u00ee\u0219i extind\u0103 influen\u021ba \u0219i s\u0103 \u201epreia controlul asupra Orientului Mijlociu\u201d.<\/p>\n<p>Conflictul r\u0103m\u00e2ne unul dintre cele mai severe episoade de escaladare militar\u0103 din regiune din ultimii ani, iar comunitatea interna\u021bional\u0103 r\u0103m\u00e2ne \u00een alert\u0103, monitoriz\u00e2nd cu aten\u021bie evolu\u021biile situa\u021biei.<\/p>\n","protected":false},"excerpt":{"rendered":"<p>Ministerul Ap\u0103r\u0103rii din Arabia Saudit\u0103 a informat c\u0103 for\u021bele sale au reu\u0219it s\u0103 intercepteze drone care zburau deasupra regiunii estice a \u021b\u0103rii, una dintre cele mai bogate \u00een petrol. De asemenea, Garda Na\u021bional\u0103 din Kuweit a anun\u021bat c\u0103 a dobor\u00e2t mai multe drone \u00een nordul \u0219i sudul \u021b\u0103rii, ac\u021bion\u00e2nd eficient pentru a preveni eventuale pagube, [&hellip;]<\/p>\n","protected":false},"author":2,"featured_media":7613,"comment_status":"open","ping_status":"open","sticky":false,"template":"","format":"standard","meta":{"jnews-multi-image_gallery":[],"jnews_single_post":[],"jnews_primary_category":[],"jnews_override_counter":[],"footnotes":""},"categories":[41],"tags":[2839,1084,2994,924,10454,913,2211,2394],"class_list":["post-7612","post","type-post","status-publish","format-standard","has-post-thumbnail","hentry","category-externe","tag-arabia-saudita","tag-atacuri","tag-conflicte","tag-drone","tag-garda-nationala","tag-iran","tag-orientul-mijlociu","tag-piete-internationale"],"_links":{"self":[{"href":"https:\/\/www.newsrecorder.ro\/app\/wp-json\/wp\/v2\/posts\/7612","targetHints":{"allow":["GET"]}}],"collection":[{"href":"https:\/\/www.newsrecorder.ro\/app\/wp-json\/wp\/v2\/posts"}],"about":[{"href":"https:\/\/www.newsrecorder.ro\/app\/wp-json\/wp\/v2\/types\/post"}],"author":[{"embeddable":true,"href":"https:\/\/www.newsrecorder.ro\/app\/wp-json\/wp\/v2\/users\/2"}],"replies":[{"embeddable":true,"href":"https:\/\/www.newsrecorder.ro\/app\/wp-json\/wp\/v2\/comments?post=7612"}],"version-history":[{"count":0,"href":"https:\/\/www.newsrecorder.ro\/app\/wp-json\/wp\/v2\/posts\/7612\/revisions"}],"wp:featuredmedia":[{"embeddable":true,"href":"https:\/\/www.newsrecorder.ro\/app\/wp-json\/wp\/v2\/media\/7613"}],"wp:attachment":[{"href":"https:\/\/www.newsrecorder.ro\/app\/wp-json\/wp\/v2\/media?parent=7612"}],"wp:term":[{"taxonomy":"category","embeddable":true,"href":"https:\/\/www.newsrecorder.ro\/app\/wp-json\/wp\/v2\/categories?post=7612"},{"taxonomy":"post_tag","embeddable":true,"href":"https:\/\/www.newsrecorder.ro\/app\/wp-json\/wp\/v2\/tags?post=7612"}],"curies":[{"name":"wp","href":"https:\/\/api.w.org\/{rel}","templated":true}]}}