{"id":7620,"date":"2026-03-10T10:37:12","date_gmt":"2026-03-10T10:37:12","guid":{"rendered":"https:\/\/www.newsrecorder.ro\/app\/2026\/03\/10\/razboiul-din-iran-impactul-asupra-sanselor-irakului-la-cupa-mondiala-2026\/"},"modified":"2026-03-10T10:37:12","modified_gmt":"2026-03-10T10:37:12","slug":"razboiul-din-iran-impactul-asupra-sanselor-irakului-la-cupa-mondiala-2026","status":"publish","type":"post","link":"https:\/\/www.newsrecorder.ro\/app\/2026\/03\/10\/razboiul-din-iran-impactul-asupra-sanselor-irakului-la-cupa-mondiala-2026\/","title":{"rendered":"R\u0103zboiul din Iran: Impactul asupra \u0219anselor Irakului la Cupa Mondial\u0103 2026"},"content":{"rendered":"<p>Pe 31 martie, echipa na\u021bional\u0103 de fotbal a Irakului, cunoscut\u0103 sub numele de Leii Mesopotamiei, se va confrunta cu c\u00e2\u0219tig\u0103toarea meciului de baraj dintre Bolivia \u0219i Surinam, care va avea loc cu cinci zile mai devreme. \u00cens\u0103, din cauza conflictului din Iran \u0219i a violen\u021belor care afecteaz\u0103 diverse \u021b\u0103ri din Orientul Mijlociu, este foarte probabil ca Irak s\u0103 nu poat\u0103 ajunge la timp la meciul programat \u00een Monterrey, Mexic.<\/p>\n<p>Graham Arnold, antrenorul australian al echipei irakiene, a declarat pentru <a href=\"https:\/\/edition.cnn.com\/2026\/03\/10\/sport\/iran-iraq-fifa-world-cup-berth\" target=\"_blank\" rel=\"noopener\">CNN Sports<\/a> c\u0103 majoritatea juc\u0103torilor \u0219i \u00eentregul staff tehnic risc\u0103 s\u0103 r\u0103m\u00e2n\u0103 bloca\u021bi \u00een Irak p\u00e2n\u0103 cel pu\u021bin pe 1 aprilie, ziua urm\u0103toare meciului, din cauza \u00eenchiderii spa\u021biului aerian deasupra \u021b\u0103rii.<\/p>\n<p>\u201eEste o situa\u021bie stresant\u0103\u201d, a explicat Arnold. \u201eEste o provocare uria\u0219\u0103. \u00cen acest moment, am patru sau cinci planuri diferite. Am petrecut multe nop\u021bi f\u0103r\u0103 somn g\u00e2ndindu-m\u0103 cum s\u0103 gestionez aceast\u0103 situa\u021bie\u201d.<\/p>\n<p>Federa\u021bia Irakian\u0103 de Fotbal (IFA) a solicitat oficial FIFA s\u0103 am\u00e2ne meciul de baraj pentru a permite echipei s\u0103 c\u0103l\u0103toreasc\u0103 \u00een Mexic, conform unei surse din cadrul organiza\u021biei. Se preconizeaz\u0103 c\u0103 FIFA va lua o decizie \u00een aceast\u0103 privin\u021b\u0103 p\u00e2n\u0103 la sf\u00e2r\u0219itul s\u0103pt\u0103m\u00e2nii.<\/p>\n<p>\u00centre timp, Arnold se confrunt\u0103 cu o presiune suplimentar\u0103. Aproximativ 60% din echipa sa este blocat\u0103 \u00een Irak, iar echipa medical\u0103 se afl\u0103 \u00een Qatar, \u00een timp ce el \u00eensu\u0219i este \u00een Dubai, acolo unde se afl\u0103 pentru a selecta juc\u0103tori \u00een momentul izbucnirii violen\u021belor pe 28 februarie. Arnold compar\u0103 aceast\u0103 situa\u021bie cu primele zile ale pandemiei de COVID-19, c\u00e2nd antrena echipa na\u021bional\u0103 a Australiei.<\/p>\n<p>El a men\u021bionat c\u0103, \u00een acele momente, avea un plan \u201eA, B, C, D, E \u0219i F\u201d pentru a dep\u0103\u0219i dificult\u0103\u021bile, dar acum se simte complet blocat, nu doar din cauza logisticii c\u0103l\u0103toriei, ci \u0219i din cauza \u00eenchiderii ambasadelor din regiune, care complic\u0103 ob\u021binerea vizelor pentru Mexic sau Statele Unite. Un cantonament planificat \u00een Houston, Texas, pentru aclimatizare la clim\u0103 \u0219i fusul orar a fost deja anulat.<\/p>\n<p>Cu spa\u021biul aerian \u00eenchis, singura op\u021biune viabil\u0103 ar fi transportul juc\u0103torilor cu autobuzul din Irak, dar Arnold consider\u0103 c\u0103 aceasta nu este o solu\u021bie acceptabil\u0103.<\/p>\n<p>\u201eO c\u0103l\u0103torie cu autobuzul de 30 de ore c\u0103tre o alt\u0103 \u021bar\u0103 nu este fezabil\u0103, nu este s\u0103n\u0103toas\u0103 pentru juc\u0103tori \u0219i, pe l\u00e2ng\u0103 asta, exist\u0103 complica\u021bii legate de ob\u021binerea vizelor pentru a intra \u00een acele \u021b\u0103ri\u201d, a precizat el.<\/p>\n<p>Pe de alt\u0103 parte, FIFA se preg\u0103te\u0219te pentru posibilitatea ca Iranul s\u0103 se retrag\u0103 din competi\u021bie, av\u00e2nd \u00een vedere c\u0103 turneul este co-g\u0103zduit de \u021bara care a atacat.<\/p>\n<p>Mehdi Taj, pre\u0219edintele Federa\u021biei Iraniene de Fotbal (FFIRI), a pus sub semnul \u00eentreb\u0103rii participarea \u021b\u0103rii sale, afirm\u00e2nd: \u201eCe este sigur este c\u0103, dup\u0103 acest atac, nu se poate a\u0219tepta s\u0103 privim cu speran\u021b\u0103 la Cupa Mondial\u0103\u201d. De la turneul din 1950 din Brazilia, nicio echip\u0103 nu s-a retras din competi\u021bie dup\u0103 ce a ob\u021binut calificarea.<\/p>\n<p>\u00cen cazul \u00een care Iranul decide s\u0103 se retrag\u0103, FIFA va trebui s\u0103 g\u0103seasc\u0103 un \u00eenlocuitor, iar Arnold este \u00eencrez\u0103tor c\u0103 locul vacant ar trebui s\u0103 fie oferit echipei sale.<\/p>\n<p>\u201eIranul face parte din Confedera\u021bia Asiatic\u0103 de Fotbal, la fel ca Irak; dac\u0103 Iranul se retrage, noi suntem urm\u0103torii pe list\u0103\u201d, a explicat el.<\/p>\n<p>Arnold sugereaz\u0103 ca FIFA s\u0103 am\u00e2ne meciul de baraj \u00eempotriva Boliviei sau Surinamului p\u00e2n\u0103 \u00een s\u0103pt\u0103m\u00e2na dinaintea \u00eenceperii Cupei Mondiale, oferindu-le astfel o \u0219ans\u0103 echitabil\u0103 de a c\u0103l\u0103tori \u0219i de a se preg\u0103ti, dar \u0219i o marj\u0103 de manevr\u0103 \u00een leg\u0103tur\u0103 cu situa\u021bia Iranului.<\/p>\n<p>\u201eBolivia \u0219i Surinam pot juca \u00een martie\u201d, a subliniat el. \u201eNu au complica\u021bii. Am putea juca \u00eempotriva c\u00e2\u0219tig\u0103toarei acestei \u00eent\u00e2lniri chiar \u00eenainte de \u00eenceperea Cupei Mondiale; c\u00e2\u0219tig\u0103toarea r\u0103m\u00e2ne, iar \u00eenvinsa pleac\u0103 acas\u0103. M\u0103 concentrez doar pe noi, pentru a m\u0103 asigura c\u0103 juc\u0103torii \u0219i totul sunt preg\u0103ti\u021bi. Dar, \u00een acest moment, este extrem de dificil\u201d.<\/p>\n","protected":false},"excerpt":{"rendered":"<p>Pe 31 martie, echipa na\u021bional\u0103 de fotbal a Irakului, cunoscut\u0103 sub numele de Leii Mesopotamiei, se va confrunta cu c\u00e2\u0219tig\u0103toarea meciului de baraj dintre Bolivia \u0219i Surinam, care va avea loc cu cinci zile mai devreme. \u00cens\u0103, din cauza conflictului din Iran \u0219i a violen\u021belor care afecteaz\u0103 diverse \u021b\u0103ri din Orientul Mijlociu, este foarte probabil [&hellip;]<\/p>\n","protected":false},"author":6,"featured_media":7621,"comment_status":"open","ping_status":"open","sticky":false,"template":"","format":"standard","meta":{"jnews-multi-image_gallery":[],"jnews_single_post":[],"jnews_primary_category":[],"jnews_override_counter":[],"footnotes":""},"categories":[46],"tags":[10468,2994,10470,89,10469,3462,57,2211],"class_list":["post-7620","post","type-post","status-publish","format-standard","has-post-thumbnail","hentry","category-sport","tag-baraj","tag-conflicte","tag-federatia-irakiana-de-fotbal","tag-fotbal","tag-graham-arnold","tag-irak","tag-meci","tag-orientul-mijlociu"],"_links":{"self":[{"href":"https:\/\/www.newsrecorder.ro\/app\/wp-json\/wp\/v2\/posts\/7620","targetHints":{"allow":["GET"]}}],"collection":[{"href":"https:\/\/www.newsrecorder.ro\/app\/wp-json\/wp\/v2\/posts"}],"about":[{"href":"https:\/\/www.newsrecorder.ro\/app\/wp-json\/wp\/v2\/types\/post"}],"author":[{"embeddable":true,"href":"https:\/\/www.newsrecorder.ro\/app\/wp-json\/wp\/v2\/users\/6"}],"replies":[{"embeddable":true,"href":"https:\/\/www.newsrecorder.ro\/app\/wp-json\/wp\/v2\/comments?post=7620"}],"version-history":[{"count":0,"href":"https:\/\/www.newsrecorder.ro\/app\/wp-json\/wp\/v2\/posts\/7620\/revisions"}],"wp:featuredmedia":[{"embeddable":true,"href":"https:\/\/www.newsrecorder.ro\/app\/wp-json\/wp\/v2\/media\/7621"}],"wp:attachment":[{"href":"https:\/\/www.newsrecorder.ro\/app\/wp-json\/wp\/v2\/media?parent=7620"}],"wp:term":[{"taxonomy":"category","embeddable":true,"href":"https:\/\/www.newsrecorder.ro\/app\/wp-json\/wp\/v2\/categories?post=7620"},{"taxonomy":"post_tag","embeddable":true,"href":"https:\/\/www.newsrecorder.ro\/app\/wp-json\/wp\/v2\/tags?post=7620"}],"curies":[{"name":"wp","href":"https:\/\/api.w.org\/{rel}","templated":true}]}}