{"id":7622,"date":"2026-03-10T10:37:27","date_gmt":"2026-03-10T10:37:27","guid":{"rendered":"https:\/\/www.newsrecorder.ro\/app\/2026\/03\/10\/g7-analizeaza-activarea-stocurilor-de-petrol-in-criza-energetica\/"},"modified":"2026-03-10T10:37:27","modified_gmt":"2026-03-10T10:37:27","slug":"g7-analizeaza-activarea-stocurilor-de-petrol-in-criza-energetica","status":"publish","type":"post","link":"https:\/\/www.newsrecorder.ro\/app\/2026\/03\/10\/g7-analizeaza-activarea-stocurilor-de-petrol-in-criza-energetica\/","title":{"rendered":"G7 analizeaz\u0103 activarea stocurilor de petrol \u00een criza energetic\u0103"},"content":{"rendered":"<p>\u00cen calitate de pre\u0219edinte rotativ al G7, Fran\u021ba \u00ee\u0219i propune s\u0103 fac\u0103 progrese semnificative \u00een ceea ce prive\u0219te sc\u0103derea pre\u021burilor. Aceasta a fost declara\u021bia purt\u0103toarei de cuv\u00e2nt a guvernului, Maud Bregeon, \u00een cadrul unei interven\u021bii pentru postul de televiziune France T\u00e9l\u00e9visions.<\/p>\n<p>\u201eFran\u021ba se implic\u0103 activ \u00een aceast\u0103 problem\u0103 dintr-un motiv evident: prin reintroducerea volumului pe pia\u021b\u0103, putem influen\u021ba \u00een mod direct reducerea pre\u021burilor\u201d, a ad\u0103ugat Bregeon, conform informa\u021biilor furnizate de <a href=\"https:\/\/apnews.com\/live\/iran-war-israel-trump--03-10-2026#0000019c-d711-d6f9-addc-ff373bdc0000\" target=\"_blank\" rel=\"noopener\">AP<\/a>.<\/p>\n<p>\u00cen aceea\u0219i not\u0103, ministrul francez de finan\u021be, Roland Lescure, a anun\u021bat c\u0103 mini\u0219trii G7 se vor reuni mar\u021bi dup\u0103-amiaz\u0103 printr-un apel video. Aceast\u0103 \u00eent\u00e2lnire are scopul de a discuta despre criza mondial\u0103 a petrolului, subliniind importan\u021ba colabor\u0103rii interna\u021bionale \u00een acest domeniu.<\/p>\n<p>\u201eEste un proces \u00een desf\u0103\u0219urare, la care lucr\u0103m intens\u201d, a declarat Lescure. \u201eToate op\u021biunile sunt luate \u00een considerare.\u201d<\/p>\n","protected":false},"excerpt":{"rendered":"<p>\u00cen calitate de pre\u0219edinte rotativ al G7, Fran\u021ba \u00ee\u0219i propune s\u0103 fac\u0103 progrese semnificative \u00een ceea ce prive\u0219te sc\u0103derea pre\u021burilor. Aceasta a fost declara\u021bia purt\u0103toarei de cuv\u00e2nt a guvernului, Maud Bregeon, \u00een cadrul unei interven\u021bii pentru postul de televiziune France T\u00e9l\u00e9visions. \u201eFran\u021ba se implic\u0103 activ \u00een aceast\u0103 problem\u0103 dintr-un motiv evident: prin reintroducerea volumului pe [&hellip;]<\/p>\n","protected":false},"author":4,"featured_media":7623,"comment_status":"open","ping_status":"open","sticky":false,"template":"","format":"standard","meta":{"jnews-multi-image_gallery":[],"jnews_single_post":[],"jnews_primary_category":[],"jnews_override_counter":[],"footnotes":""},"categories":[40],"tags":[5123,10471,473,6953,301,2608,1736,535],"class_list":["post-7622","post","type-post","status-publish","format-standard","has-post-thumbnail","hentry","category-econonie","tag-colaborare-internationala","tag-criza-mondiala","tag-franta","tag-g7","tag-guvern","tag-intalnire","tag-petrol","tag-preturi"],"_links":{"self":[{"href":"https:\/\/www.newsrecorder.ro\/app\/wp-json\/wp\/v2\/posts\/7622","targetHints":{"allow":["GET"]}}],"collection":[{"href":"https:\/\/www.newsrecorder.ro\/app\/wp-json\/wp\/v2\/posts"}],"about":[{"href":"https:\/\/www.newsrecorder.ro\/app\/wp-json\/wp\/v2\/types\/post"}],"author":[{"embeddable":true,"href":"https:\/\/www.newsrecorder.ro\/app\/wp-json\/wp\/v2\/users\/4"}],"replies":[{"embeddable":true,"href":"https:\/\/www.newsrecorder.ro\/app\/wp-json\/wp\/v2\/comments?post=7622"}],"version-history":[{"count":0,"href":"https:\/\/www.newsrecorder.ro\/app\/wp-json\/wp\/v2\/posts\/7622\/revisions"}],"wp:featuredmedia":[{"embeddable":true,"href":"https:\/\/www.newsrecorder.ro\/app\/wp-json\/wp\/v2\/media\/7623"}],"wp:attachment":[{"href":"https:\/\/www.newsrecorder.ro\/app\/wp-json\/wp\/v2\/media?parent=7622"}],"wp:term":[{"taxonomy":"category","embeddable":true,"href":"https:\/\/www.newsrecorder.ro\/app\/wp-json\/wp\/v2\/categories?post=7622"},{"taxonomy":"post_tag","embeddable":true,"href":"https:\/\/www.newsrecorder.ro\/app\/wp-json\/wp\/v2\/tags?post=7622"}],"curies":[{"name":"wp","href":"https:\/\/api.w.org\/{rel}","templated":true}]}}