{"id":7640,"date":"2026-03-10T12:53:04","date_gmt":"2026-03-10T12:53:04","guid":{"rendered":"https:\/\/www.newsrecorder.ro\/app\/2026\/03\/10\/maia-sandu-si-zelenski-onorati-cu-ordinul-european-de-merit\/"},"modified":"2026-03-10T12:53:04","modified_gmt":"2026-03-10T12:53:04","slug":"maia-sandu-si-zelenski-onorati-cu-ordinul-european-de-merit","status":"publish","type":"post","link":"https:\/\/www.newsrecorder.ro\/app\/2026\/03\/10\/maia-sandu-si-zelenski-onorati-cu-ordinul-european-de-merit\/","title":{"rendered":"Maia Sandu \u0219i Zelenski, onora\u021bi cu Ordinul European de Merit!"},"content":{"rendered":"<p>Mar\u021bi, la Strasbourg, a avut loc o ceremonie special\u0103 \u00een cadrul c\u0103reia au fost anun\u021ba\u021bi primii c\u00e2\u0219tig\u0103tori ai noului Ordin European de Merit. Acest premiu, prezentat de pre\u0219edinta Parlamentului European, Roberta Metsola, recunoa\u0219te contribu\u021biile semnificative ale persoanelor care au sprijinit integrarea european\u0103 \u0219i au promovat valorile Uniunii Europene.<\/p>\n<p>Printre laurea\u021bi se num\u0103r\u0103 pre\u0219edinta Republicii Moldova, Maia Sandu, \u0219i pre\u0219edintele Ucrainei, Volodimir Zelenski, personalit\u0103\u021bi de marc\u0103 pentru comunitatea european\u0103.<\/p>\n<p>Roberta Metsola a subliniat importan\u021ba acestui ordin, men\u021bion\u00e2nd c\u0103 scopul s\u0103u este de a celebra indivizii care au fost sus\u021bin\u0103tori ai proiectului european \u0219i au contribuit la dezvoltarea acestuia. \u201eDeschidem aceast\u0103 nou\u0103 sesiune cu o alt\u0103 tradi\u021bie anual\u0103. Pentru prima dat\u0103, Europa va onora europeni extraordinari cu Ordinul European al Meritului. Europa a fost construit\u0103 de femei \u0219i b\u0103rba\u021bi remarcabili din \u00eentreaga societate, care au avut curajul s\u0103 dep\u0103\u0219easc\u0103 un trecut turbulent. Ace\u0219ti oameni au spart bariere, au \u00eenvins dictaturile \u0219i au f\u0103cut o diferen\u021b\u0103 semnificativ\u0103 pentru continentul nostru. Acest angajament merit\u0103 s\u0103 fie s\u0103rb\u0103torit, de aceea am instituit acest ordin pentru a-i onora pe cei care nu doar au crezut \u00een Europa, ci au contribuit activ la construirea ei, din domeniul societ\u0103\u021bii civile \u0219i al mediului academic, p\u00e2n\u0103 la politicieni, arti\u0219ti \u0219i umanitari,\u201d a declarat pre\u0219edinta Parlamentului European.<\/p>\n<p dir=\"ltr\" lang=\"en\">Honoured to announce the first appointments to the European Order of Merit.<\/p>\n<p>These Europeans embody the remarkable diversity of excellence and commitment that drives Europe forward and strengthens its standing across the world.<\/p>\n<p>Their extraordinary achievements remind us that\u2026 <a href=\"https:\/\/t.co\/gTZfS2Agqi\">pic.twitter.com\/gTZfS2Agqi<\/a><\/p>\n<p>\u2014 Roberta Metsola (@EP_President) <a href=\"https:\/\/twitter.com\/EP_President\/status\/2031340755294249434?ref_src=twsrc%5Etfw\">March 10, 2026<\/a><\/p>\n<p>Comitetul de selec\u021bie, care a stabilit lista laurea\u021bilor, a fost format din Roberta Metsola, vicepre\u0219edinta Parlamentului European, Sophie Wilm\u00e8s, \u0219i alte personalit\u0103\u021bi europene de renume, precum Ewa Kopacz, Michel Barnier, Jos\u00e9 Manuel Barroso, Josep Borrell \u0219i Enrico Letta. Propunerile pentru nominaliz\u0103ri au venit din partea \u0219efilor de state \u0219i guverne, pre\u0219edin\u021bilor parlamentelor na\u021bionale \u0219i liderilor institu\u021biilor europene.<\/p>\n<p><strong>Membri distin\u0219i ai Ordinului European de Merit<\/strong><\/p>\n<ul>\n<li>Angela Merkel, fost cancelar al Germaniei<\/li>\n<li>Lech Wa\u0142\u0119sa, fost lider al mi\u0219c\u0103rii Solidaritatea \u0219i fost pre\u0219edinte al Poloniei<\/li>\n<li>Volodimir Zelenski, pre\u0219edintele Ucrainei<\/li>\n<\/ul>\n<p><strong>Membri de onoare<\/strong><\/p>\n<ul>\n<li>Valdas Adamkus, fost pre\u0219edinte al Lituaniei<\/li>\n<li>Jerzy Buzek, fost prim-ministru al Poloniei \u0219i fost pre\u0219edinte al Parlamentului European<\/li>\n<li>An\u00edbal Cavaco Silva, fost pre\u0219edinte \u0219i prim-ministru al Portugaliei<\/li>\n<li>Sauli Niinist\u00f6, fost pre\u0219edinte al Finlandei<\/li>\n<li>Pietro Parolin, cardinal \u0219i secretar de stat al Sf\u00e2ntului Scaun<\/li>\n<li>Mary Robinson, fost\u0103 pre\u0219edint\u0103 a Irlandei \u0219i fost \u00cenalt Comisar ONU pentru Drepturile Omului<\/li>\n<li>Maia Sandu, pre\u0219edinta Republicii Moldova<\/li>\n<li>Javier Solana, fost \u00cenalt Reprezentant al UE pentru politic\u0103 extern\u0103<\/li>\n<li>Wolfgang Sch\u00fcssel, fost cancelar al Austriei<\/li>\n<li>Jean-Claude Trichet, fost pre\u0219edinte al B\u0103ncii Centrale Europene<\/li>\n<\/ul>\n<p><strong>Membri ai Ordinului European de Merit<\/strong><\/p>\n<ul>\n<li>Jos\u00e9 Andr\u00e9s, fondatorul organiza\u021biei World Central Kitchen<\/li>\n<li>Giannis Antetokounmpo, juc\u0103tor de baschet<\/li>\n<li>Marc Gjidara, avocat \u0219i cercet\u0103tor<\/li>\n<li>Sandra Lejniece, medic \u0219i cercet\u0103tor<\/li>\n<li>Oleksandra Matviichuk, avocat specializat \u00een drepturile omului<\/li>\n<li>Viviane Reding, fost\u0103 vicepre\u0219edint\u0103 a Comisiei Europene<\/li>\n<li>Membrii forma\u021biei U2: Bono, The Edge, Adam Clayton \u0219i Larry Mullen Jr<\/li>\n<\/ul>\n<p>Ordinul European de Merit a fost creat anul trecut, cu ocazia celebr\u0103rii a 75 de ani de la Declara\u021bia Schuman. Aceast\u0103 distinc\u021bie reprezint\u0103 prima recunoa\u0219tere civil\u0103 de acest tip oferit\u0103 de o institu\u021bie a Uniunii Europene pentru persoanele care au contribuit semnificativ la integrarea european\u0103 sau la promovarea valorilor democratice.<\/p>\n<p>Conform regulamentului, \u00een fiecare an pot fi onorate maximum 20 de persoane. Laurea\u021bii vor fi invita\u021bi s\u0103 participe la o ceremonie de premiere care se va desf\u0103\u0219ura \u00een timpul sesiunii plenare a Parlamentului European, programat\u0103 \u00eentre 18 \u0219i 21 mai, la Strasbourg.<\/p>\n","protected":false},"excerpt":{"rendered":"<p>Mar\u021bi, la Strasbourg, a avut loc o ceremonie special\u0103 \u00een cadrul c\u0103reia au fost anun\u021ba\u021bi primii c\u00e2\u0219tig\u0103tori ai noului Ordin European de Merit. Acest premiu, prezentat de pre\u0219edinta Parlamentului European, Roberta Metsola, recunoa\u0219te contribu\u021biile semnificative ale persoanelor care au sprijinit integrarea european\u0103 \u0219i au promovat valorile Uniunii Europene. Printre laurea\u021bi se num\u0103r\u0103 pre\u0219edinta Republicii Moldova, [&hellip;]<\/p>\n","protected":false},"author":2,"featured_media":7641,"comment_status":"open","ping_status":"open","sticky":false,"template":"","format":"standard","meta":{"jnews-multi-image_gallery":[],"jnews_single_post":[],"jnews_primary_category":[],"jnews_override_counter":[],"footnotes":""},"categories":[39],"tags":[10493,7045,287,10491,4260,4308,10492,1087],"class_list":["post-7640","post","type-post","status-publish","format-standard","has-post-thumbnail","hentry","category-stirile-zilei","tag-comunitatea-europeana","tag-integrare-europeana","tag-maia-sandu","tag-ordin-european-de-merit","tag-premiu","tag-roberta-metsola","tag-valori-europene","tag-volodimir-zelenski"],"_links":{"self":[{"href":"https:\/\/www.newsrecorder.ro\/app\/wp-json\/wp\/v2\/posts\/7640","targetHints":{"allow":["GET"]}}],"collection":[{"href":"https:\/\/www.newsrecorder.ro\/app\/wp-json\/wp\/v2\/posts"}],"about":[{"href":"https:\/\/www.newsrecorder.ro\/app\/wp-json\/wp\/v2\/types\/post"}],"author":[{"embeddable":true,"href":"https:\/\/www.newsrecorder.ro\/app\/wp-json\/wp\/v2\/users\/2"}],"replies":[{"embeddable":true,"href":"https:\/\/www.newsrecorder.ro\/app\/wp-json\/wp\/v2\/comments?post=7640"}],"version-history":[{"count":0,"href":"https:\/\/www.newsrecorder.ro\/app\/wp-json\/wp\/v2\/posts\/7640\/revisions"}],"wp:featuredmedia":[{"embeddable":true,"href":"https:\/\/www.newsrecorder.ro\/app\/wp-json\/wp\/v2\/media\/7641"}],"wp:attachment":[{"href":"https:\/\/www.newsrecorder.ro\/app\/wp-json\/wp\/v2\/media?parent=7640"}],"wp:term":[{"taxonomy":"category","embeddable":true,"href":"https:\/\/www.newsrecorder.ro\/app\/wp-json\/wp\/v2\/categories?post=7640"},{"taxonomy":"post_tag","embeddable":true,"href":"https:\/\/www.newsrecorder.ro\/app\/wp-json\/wp\/v2\/tags?post=7640"}],"curies":[{"name":"wp","href":"https:\/\/api.w.org\/{rel}","templated":true}]}}