{"id":7646,"date":"2026-03-10T12:54:10","date_gmt":"2026-03-10T12:54:10","guid":{"rendered":"https:\/\/www.newsrecorder.ro\/app\/2026\/03\/10\/peste-5-500-de-romani-s-au-intors-acasa-din-orientul-mijlociu\/"},"modified":"2026-03-10T12:54:10","modified_gmt":"2026-03-10T12:54:10","slug":"peste-5-500-de-romani-s-au-intors-acasa-din-orientul-mijlociu","status":"publish","type":"post","link":"https:\/\/www.newsrecorder.ro\/app\/2026\/03\/10\/peste-5-500-de-romani-s-au-intors-acasa-din-orientul-mijlociu\/","title":{"rendered":"Peste 5.500 de rom\u00e2ni s-au \u00eentors acas\u0103 din Orientul Mijlociu!"},"content":{"rendered":"<p>Mar\u021bi, purt\u0103torul de cuv\u00e2nt al Ministerului Afacerilor Externe (MAE), Andrei \u021a\u0103rnea, a f\u0103cut o prezentare detaliat\u0103 cu privire la repatrierile cet\u0103\u021benilor rom\u00e2ni \u0219i la asisten\u021ba consular\u0103 \u00een contextul situa\u021biei actuale din zonele afectate de conflict.<\/p>\n<p>\u00cen acest moment, au revenit \u00een \u021bar\u0103 aproximativ 5.500 de rom\u00e2ni din zona de conflict. Dintre ace\u0219tia, 3.000 au fost repatria\u021bi prin intermediul zborurilor organizate sau facilitate de Ministerul Afacerilor Externe, \u00een timp ce al\u021bi 2.500 de cet\u0103\u021beni rom\u00e2ni s-au \u00eentors prin propriile mijloace.<\/p>\n<p>\u00cen ceea ce prive\u0219te utilizarea resurselor europene pentru transport, \u021a\u0103rnea a men\u021bionat c\u0103 Rom\u00e2nia a beneficiat de suport din partea a 13 parteneri interna\u021bionali. Prin intermediul mecanismului european de protec\u021bie civil\u0103, inclusiv RescEU, \u021bara noastr\u0103 a avut parte de 10 zboruri, dintre care 3 au fost operate fie de Rom\u00e2nia, fie la cererea acesteia, iar restul de 7 zboruri au fost efectuate de alte state membre ale Uniunii Europene.<\/p>\n<p>Referitor la recentele opera\u021biuni de evacuare din Oman \u0219i Qatar, \u021a\u0103rnea a oferit informa\u021bii despre zborurile programate. \u201eIeri diminea\u021b\u0103, 273 de cet\u0103\u021beni rom\u00e2ni au revenit din Muscat, Oman, cu dou\u0103 zboruri operate \u00een cadrul mecanismului RescEU. De asemenea, 191 de rom\u00e2ni evacua\u021bi din Doha, Qatar, au revenit cu un zbor asistat de MAE. \u00cen a doua parte a acestei s\u0103pt\u0103m\u00e2ni, vom organiza cel pu\u021bin un alt zbor din Muscat, dar detaliile sunt \u00eenc\u0103 \u00een curs de finalizare\u201d, a declarat acesta.<\/p>\n<p>\u00cen prezent, MAE are \u00eenregistrate peste 5.000 de solicit\u0103ri de asisten\u021b\u0103 consular\u0103. \u021a\u0103rnea a explicat c\u0103, \u201e\u00een acest moment, avem circa 5.016 solicit\u0103ri \u00een aten\u021bie, num\u0103rul fiind \u00een continu\u0103 dinamic\u0103. Este important de men\u021bionat c\u0103 nu toate aceste cereri se refer\u0103 la repatriere; unele sunt solicit\u0103ri de informare, iar altele vizeaz\u0103 cet\u0103\u021beni care doresc s\u0103 fie lua\u021bi \u00een considerare pentru eventuale opera\u021biuni viitoare.\u201d<\/p>\n<p>Mai mult, purt\u0103torul de cuv\u00e2nt a detaliat evacu\u0103rile planificate pentru ast\u0103zi \u0219i m\u00e2ine, \u00een colaborare cu Bulgaria, Slovacia \u0219i Polonia. \u201eAst\u0103zi, continu\u0103m evacu\u0103rile cu ajutorul statelor membre ale Uniunii Europene, din Riad \u0219i Emiratele Arabe Unite. Dou\u0103 zboruri operate de Bulgaria vor transporta 18 cet\u0103\u021beni rom\u00e2ni, inclusiv minori, precum \u0219i membri ai familiilor din alte state, cum ar fi mexicani \u0219i bahreinieni. Dintre cei 18 rom\u00e2ni, 9 sunt minori,\u201d a spus \u021a\u0103rnea.<\/p>\n<p>\u00cen plus, au fost confirmate noi zboruri de evacuare organizate prin intermediul partenerilor europeni. \u201eAl\u021bi 3 cet\u0103\u021beni rom\u00e2ni vor reveni din Dubai cu un zbor de evacuare organizat de autorit\u0103\u021bile slovace. De asemenea, m\u00e2ine, un grup de cet\u0103\u021beni rom\u00e2ni va fi inclus \u00eentr-un zbor de evacuare spre Var\u0219ovia, beneficiind de asisten\u021ba colegilor de misiune \u00eentre Doha \u0219i Riad,\u201d a ad\u0103ugat acesta.<\/p>\n","protected":false},"excerpt":{"rendered":"<p>Mar\u021bi, purt\u0103torul de cuv\u00e2nt al Ministerului Afacerilor Externe (MAE), Andrei \u021a\u0103rnea, a f\u0103cut o prezentare detaliat\u0103 cu privire la repatrierile cet\u0103\u021benilor rom\u00e2ni \u0219i la asisten\u021ba consular\u0103 \u00een contextul situa\u021biei actuale din zonele afectate de conflict. \u00cen acest moment, au revenit \u00een \u021bar\u0103 aproximativ 5.500 de rom\u00e2ni din zona de conflict. Dintre ace\u0219tia, 3.000 au fost [&hellip;]<\/p>\n","protected":false},"author":2,"featured_media":7647,"comment_status":"open","ping_status":"open","sticky":false,"template":"","format":"standard","meta":{"jnews-multi-image_gallery":[],"jnews_single_post":[],"jnews_primary_category":[],"jnews_override_counter":[],"footnotes":""},"categories":[39],"tags":[8459,4408,684,9906,359,10322,10503,4185],"class_list":["post-7646","post","type-post","status-publish","format-standard","has-post-thumbnail","hentry","category-stirile-zilei","tag-asistenta-consulara","tag-cetateni-romani","tag-conflict","tag-mecanism-european","tag-ministerul-afacerilor-externe","tag-repatrieri","tag-resurse-europene","tag-transport"],"_links":{"self":[{"href":"https:\/\/www.newsrecorder.ro\/app\/wp-json\/wp\/v2\/posts\/7646","targetHints":{"allow":["GET"]}}],"collection":[{"href":"https:\/\/www.newsrecorder.ro\/app\/wp-json\/wp\/v2\/posts"}],"about":[{"href":"https:\/\/www.newsrecorder.ro\/app\/wp-json\/wp\/v2\/types\/post"}],"author":[{"embeddable":true,"href":"https:\/\/www.newsrecorder.ro\/app\/wp-json\/wp\/v2\/users\/2"}],"replies":[{"embeddable":true,"href":"https:\/\/www.newsrecorder.ro\/app\/wp-json\/wp\/v2\/comments?post=7646"}],"version-history":[{"count":0,"href":"https:\/\/www.newsrecorder.ro\/app\/wp-json\/wp\/v2\/posts\/7646\/revisions"}],"wp:featuredmedia":[{"embeddable":true,"href":"https:\/\/www.newsrecorder.ro\/app\/wp-json\/wp\/v2\/media\/7647"}],"wp:attachment":[{"href":"https:\/\/www.newsrecorder.ro\/app\/wp-json\/wp\/v2\/media?parent=7646"}],"wp:term":[{"taxonomy":"category","embeddable":true,"href":"https:\/\/www.newsrecorder.ro\/app\/wp-json\/wp\/v2\/categories?post=7646"},{"taxonomy":"post_tag","embeddable":true,"href":"https:\/\/www.newsrecorder.ro\/app\/wp-json\/wp\/v2\/tags?post=7646"}],"curies":[{"name":"wp","href":"https:\/\/api.w.org\/{rel}","templated":true}]}}