{"id":7652,"date":"2026-03-10T12:55:33","date_gmt":"2026-03-10T12:55:33","guid":{"rendered":"https:\/\/www.newsrecorder.ro\/app\/2026\/03\/10\/polonia-lanseaza-primul-scut-anti-drone-din-ue-detalii-si-costuri\/"},"modified":"2026-03-10T12:55:33","modified_gmt":"2026-03-10T12:55:33","slug":"polonia-lanseaza-primul-scut-anti-drone-din-ue-detalii-si-costuri","status":"publish","type":"post","link":"https:\/\/www.newsrecorder.ro\/app\/2026\/03\/10\/polonia-lanseaza-primul-scut-anti-drone-din-ue-detalii-si-costuri\/","title":{"rendered":"Polonia lanseaz\u0103 primul scut anti-drone din UE: Detalii \u0219i costuri!"},"content":{"rendered":"<p>Polonia va construi primul scut anti-drone din Uniunea European\u0103, un pas esen\u021bial \u00een contextul provoc\u0103rilor de securitate din regiune. Aceast\u0103 decizie vine pe fondul incidentelor din toamna anului 2025, c\u00e2nd Rusia a lansat aproximativ 20 de drone \u00een spa\u021biul aerian polonez, \u0219i a atacurilor recente cu drone iraniene Shahed asupra unei baze britanice din Cipru, \u00een cadrul conflictului dintre SUA \u0219i Israel pe de o parte \u0219i Iran pe de alt\u0103 parte.<\/p>\n<p>Conform <a style=\"color: #0000ff\" href=\"https:\/\/www.ft.com\/content\/1e3915d7-f9b4-4890-8069-c9e313ec8b3e\" target=\"_blank\" rel=\"noopener\">Financial Times<\/a>, noul sistem polonez, denumit San, este dezvoltat printr-un consor\u021biu polono-norvegian \u0219i se estimeaz\u0103 c\u0103 va necesita o investi\u021bie de aproximativ 3,5 miliarde de euro.<\/p>\n<h2>Sistemul San<\/h2>\n<p>Sistemul San va include 18 baterii mobile anti-drone, fiecare dintre acestea fiind dotat\u0103 cu senzori avansa\u021bi. Componentele radar \u0219i armele vor fi montate pe vehicule care vor patrula frontiera Poloniei, av\u00e2nd capacitatea de a se conecta cu sistemele de ap\u0103rare na\u021bionale \u0219i aliate, conform sursei men\u021bionate anterior.<\/p>\n<p>Generalul \u00een retragere Jaros\u0142aw Gromadzi\u0144ski a subliniat importan\u021ba lec\u021biilor \u00eenv\u0103\u021bate \u00een luna septembrie, c\u00e2nd Polonia a fost nevoit\u0103 s\u0103 utilizeze avioane de lupt\u0103 costisitoare pentru a dobor\u00ee drone ieftine. \u201eA fost o lec\u021bie important\u0103, avioanele noastre de lupt\u0103, fiecare cost\u00e2nd 1 milion de dolari, au fost folosite pentru a neutraliza drone de doar 1.000 de dolari,\u201d a declarat el.<\/p>\n<p>San va integra capacit\u0103\u021bi de r\u0103zboi electronic cu op\u021biuni cinetice, av\u00e2nd abilitatea de a lansa drone interceptoare \u0219i rachete ghidate pentru a \u021binti at\u00e2t elicoptere zbur\u00e2nd la altitudini reduse, c\u00e2t \u0219i aeronave f\u0103r\u0103 pilot.<\/p>\n<p>Consor\u021biul polono-norvegian a organizat deja o demonstra\u021bie pe teren luna trecut\u0103, prezent\u00e2nd o parte dintre armele ce vor fi incluse \u00een acest sistem inovator.<\/p>\n<p>Primele baterii ale sistemului sunt a\u0219teptate s\u0103 fie livrate for\u021belor armate poloneze \u00eenainte de finalul acestui an, iar \u00eentregul sistem ar putea deveni opera\u021bional \u00een termen de doi ani.<\/p>\n<h2>Cine se opune?<\/h2>\n<p>Proiectul de construc\u021bie a sistemului San este finan\u021bat prin fonduri alocate Var\u0219oviei \u00een cadrul noului program SAFE. \u00cens\u0103, ini\u021biativa se confrunt\u0103 cu obstacole politice, mai ales din partea partidului Lege \u0219i Justi\u021bie (PiS), care se opune utiliz\u0103rii \u00eemprumuturilor din partea Uniunii Europene. Aceasta opozi\u021bie este motivat\u0103 de temerea c\u0103 Bruxelles-ul ar putea influen\u021ba deciziile Poloniei \u00een privin\u021ba achizi\u021biilor publice.<\/p>\n<p>Pre\u0219edintele Poloniei, Karol Nawrocki, a semnalat c\u0103 ar putea contesta finan\u021barea prin SAFE, propun\u00e2nd \u00een schimb utilizarea rezervelor b\u0103ncii centrale poloneze ca o alternativ\u0103 mai economic\u0103.<\/p>\n<p>Premierul Donald Tusk a declarat c\u0103 guvernul s\u0103u ar putea c\u0103uta surse alternative de finan\u021bare \u00een cazul \u00een care pre\u0219edintele ar decide s\u0103 pun\u0103 veto, consider\u00e2nd aceast\u0103 ac\u021biune ca fiind nejustificat\u0103.<\/p>\n<p>\u201eSan este un concept complet nou, dar se bazeaz\u0103 pe experien\u021ba Ucrainei,\u201d a afirmat Rados\u0142aw Piesiewicz, coproprietar al produc\u0103torului polonez de radare Advanced Protection Systems (APS).<\/p>\n","protected":false},"excerpt":{"rendered":"<p>Polonia va construi primul scut anti-drone din Uniunea European\u0103, un pas esen\u021bial \u00een contextul provoc\u0103rilor de securitate din regiune. Aceast\u0103 decizie vine pe fondul incidentelor din toamna anului 2025, c\u00e2nd Rusia a lansat aproximativ 20 de drone \u00een spa\u021biul aerian polonez, \u0219i a atacurilor recente cu drone iraniene Shahed asupra unei baze britanice din Cipru, [&hellip;]<\/p>\n","protected":false},"author":2,"featured_media":7653,"comment_status":"open","ping_status":"open","sticky":false,"template":"","format":"standard","meta":{"jnews-multi-image_gallery":[],"jnews_single_post":[],"jnews_primary_category":[],"jnews_override_counter":[],"footnotes":""},"categories":[39],"tags":[10508,924,368,1032,10506,874,10507,321],"class_list":["post-7652","post","type-post","status-publish","format-standard","has-post-thumbnail","hentry","category-stirile-zilei","tag-consortiu-polono-norvegian","tag-drone","tag-investitie","tag-polonia","tag-scut-anti-drone","tag-securitate","tag-sistem-san","tag-uniunea-europeana"],"_links":{"self":[{"href":"https:\/\/www.newsrecorder.ro\/app\/wp-json\/wp\/v2\/posts\/7652","targetHints":{"allow":["GET"]}}],"collection":[{"href":"https:\/\/www.newsrecorder.ro\/app\/wp-json\/wp\/v2\/posts"}],"about":[{"href":"https:\/\/www.newsrecorder.ro\/app\/wp-json\/wp\/v2\/types\/post"}],"author":[{"embeddable":true,"href":"https:\/\/www.newsrecorder.ro\/app\/wp-json\/wp\/v2\/users\/2"}],"replies":[{"embeddable":true,"href":"https:\/\/www.newsrecorder.ro\/app\/wp-json\/wp\/v2\/comments?post=7652"}],"version-history":[{"count":0,"href":"https:\/\/www.newsrecorder.ro\/app\/wp-json\/wp\/v2\/posts\/7652\/revisions"}],"wp:featuredmedia":[{"embeddable":true,"href":"https:\/\/www.newsrecorder.ro\/app\/wp-json\/wp\/v2\/media\/7653"}],"wp:attachment":[{"href":"https:\/\/www.newsrecorder.ro\/app\/wp-json\/wp\/v2\/media?parent=7652"}],"wp:term":[{"taxonomy":"category","embeddable":true,"href":"https:\/\/www.newsrecorder.ro\/app\/wp-json\/wp\/v2\/categories?post=7652"},{"taxonomy":"post_tag","embeddable":true,"href":"https:\/\/www.newsrecorder.ro\/app\/wp-json\/wp\/v2\/tags?post=7652"}],"curies":[{"name":"wp","href":"https:\/\/api.w.org\/{rel}","templated":true}]}}