{"id":7670,"date":"2026-03-10T18:56:43","date_gmt":"2026-03-10T18:56:43","guid":{"rendered":"https:\/\/www.newsrecorder.ro\/app\/2026\/03\/10\/contractul-pentru-transportoarele-blindate-piranha-v-detalii-esentiale\/"},"modified":"2026-03-10T18:56:43","modified_gmt":"2026-03-10T18:56:43","slug":"contractul-pentru-transportoarele-blindate-piranha-v-detalii-esentiale","status":"publish","type":"post","link":"https:\/\/www.newsrecorder.ro\/app\/2026\/03\/10\/contractul-pentru-transportoarele-blindate-piranha-v-detalii-esentiale\/","title":{"rendered":"Contractul pentru transportoarele blindate Piranha V: Detalii esen\u021biale!"},"content":{"rendered":"<p>Conform unui comunicat emis de Ministerul Ap\u0103r\u0103rii Na\u021bionale (MApN), discu\u021biile recente s-au concentrat pe evaluarea progresului \u00een cadrul contractului de achizi\u021bie a transportoarelor blindate pentru trupe 8&#215;8 Piranha V \u0219i variantele acestora, produse \u00een Rom\u00e2nia.<\/p>\n<p>Ministrul Ap\u0103r\u0103rii a subliniat rolul crucial al colabor\u0103rii cu industria na\u021bional\u0103 de ap\u0103rare, eviden\u021biind c\u0103 aceasta este esen\u021bial\u0103 pentru dezvoltarea capacit\u0103\u021bilor de produc\u021bie interne \u0219i pentru asigurarea suportului logistic necesar echipamentelor militare care echipeaz\u0103 Armata Rom\u00e2niei.<\/p>\n<p>\u201eCooperarea este vital\u0103 \u0219i pentru valorificarea oportunit\u0103\u021bilor de integrare a industriei rom\u00e2ne\u0219ti \u00een ini\u021biativele europene ce vizeaz\u0103 consolidarea bazei industriale \u0219i tehnologice de ap\u0103rare, inclusiv prin utilizarea instrumentului SAFE al Uniunii Europene,\u201d a declarat Radu Miru\u021b\u0103.<\/p>\n<p>Reprezentan\u021bii ministerului au men\u021bionat c\u0103 \u00eent\u00e2lnirea face parte dintr-o serie de consult\u0103ri periodice, organizate de conducerea MApN cu actorii din industria de ap\u0103rare \u0219i cu companiile implicate \u00een programele majore de \u00eenzestrare ale Armatei Rom\u00e2niei.<\/p>\n","protected":false},"excerpt":{"rendered":"<p>Conform unui comunicat emis de Ministerul Ap\u0103r\u0103rii Na\u021bionale (MApN), discu\u021biile recente s-au concentrat pe evaluarea progresului \u00een cadrul contractului de achizi\u021bie a transportoarelor blindate pentru trupe 8&#215;8 Piranha V \u0219i variantele acestora, produse \u00een Rom\u00e2nia. Ministrul Ap\u0103r\u0103rii a subliniat rolul crucial al colabor\u0103rii cu industria na\u021bional\u0103 de ap\u0103rare, eviden\u021biind c\u0103 aceasta este esen\u021bial\u0103 pentru dezvoltarea [&hellip;]<\/p>\n","protected":false},"author":2,"featured_media":7671,"comment_status":"open","ping_status":"open","sticky":false,"template":"","format":"standard","meta":{"jnews-multi-image_gallery":[],"jnews_single_post":[],"jnews_primary_category":[],"jnews_override_counter":[],"footnotes":""},"categories":[42],"tags":[409,478,659,10537,472,10536,10535,321],"class_list":["post-7670","post","type-post","status-publish","format-standard","has-post-thumbnail","hentry","category-politica","tag-aparare","tag-capacitati-de-productie","tag-cooperare","tag-industrie-nationala","tag-ministerul-apararii","tag-piranha-v","tag-transportoare-blindate","tag-uniunea-europeana"],"_links":{"self":[{"href":"https:\/\/www.newsrecorder.ro\/app\/wp-json\/wp\/v2\/posts\/7670","targetHints":{"allow":["GET"]}}],"collection":[{"href":"https:\/\/www.newsrecorder.ro\/app\/wp-json\/wp\/v2\/posts"}],"about":[{"href":"https:\/\/www.newsrecorder.ro\/app\/wp-json\/wp\/v2\/types\/post"}],"author":[{"embeddable":true,"href":"https:\/\/www.newsrecorder.ro\/app\/wp-json\/wp\/v2\/users\/2"}],"replies":[{"embeddable":true,"href":"https:\/\/www.newsrecorder.ro\/app\/wp-json\/wp\/v2\/comments?post=7670"}],"version-history":[{"count":0,"href":"https:\/\/www.newsrecorder.ro\/app\/wp-json\/wp\/v2\/posts\/7670\/revisions"}],"wp:featuredmedia":[{"embeddable":true,"href":"https:\/\/www.newsrecorder.ro\/app\/wp-json\/wp\/v2\/media\/7671"}],"wp:attachment":[{"href":"https:\/\/www.newsrecorder.ro\/app\/wp-json\/wp\/v2\/media?parent=7670"}],"wp:term":[{"taxonomy":"category","embeddable":true,"href":"https:\/\/www.newsrecorder.ro\/app\/wp-json\/wp\/v2\/categories?post=7670"},{"taxonomy":"post_tag","embeddable":true,"href":"https:\/\/www.newsrecorder.ro\/app\/wp-json\/wp\/v2\/tags?post=7670"}],"curies":[{"name":"wp","href":"https:\/\/api.w.org\/{rel}","templated":true}]}}